{"id":69472,"date":"2026-01-29T10:16:29","date_gmt":"2026-01-29T13:16:29","guid":{"rendered":"https:\/\/infovera.com.ar\/web\/?p=69472"},"modified":"2026-01-31T10:44:22","modified_gmt":"2026-01-31T13:44:22","slug":"cronograma-de-pago-de-haberes-de-enero-a-trabajadores-provinciales-2","status":"publish","type":"post","link":"https:\/\/infovera.com.ar\/web\/2026\/01\/29\/cronograma-de-pago-de-haberes-de-enero-a-trabajadores-provinciales-2\/","title":{"rendered":"Cronograma de pago de haberes de enero a trabajadores provinciales"},"content":{"rendered":"<p><strong>Comenzar\u00e1 el lunes 2 de febrero y se completar\u00e1 el viernes 6. Los pasivos que cobren hasta $1.150.000, junto con personal policial y penitenciario, tendr\u00e1n acreditado el cobro en sus cuentas el s\u00e1bado 31 de enero.<\/strong><\/p>\n<p>El Gobierno Provincial, a trav\u00e9s del Ministerio de Econom\u00eda, inform\u00f3 que los haberes del mes de enero se percibir\u00e1n a partir del lunes 2 de febrero y concluir\u00e1n el viernes 6. Los pasivos a los que les corresponde percibir un monto de bolsillo de hasta $1.150.000 tendr\u00e1n acreditado el cobro el s\u00e1bado 31 de enero, al igual que los trabajadores policiales y penitenciarios.<\/p>\n<p>Lunes 2 de Febrero (acreditaci\u00f3n en cuenta s\u00e1bado 31 de enero)<br \/>\n* Pasivos a los que les corresponde percibir un monto de bolsillo de hasta $1.150.000<br \/>\n* Escalaf\u00f3n Policial y Penitenciario.<\/p>\n<p>Martes 3 de febrero<br \/>\n* Activos a los que les corresponde percibir un monto de bolsillo de hasta $1.150.000<br \/>\n* Docentes de Escuelas Privadas Transferidas 1\u00b0 y 2\u00b0 Convenio.<\/p>\n<p>Mi\u00e9rcoles 4 de febrero<br \/>\n* Resto de Activos a los que les corresponde percibir un monto de bolsillo superior a $1.150.000<br \/>\n* Docentes de Escuelas Privadas Hist\u00f3ricas<\/p>\n<p>Jueves 5 de febrero<br \/>\n* Resto de Pasivos a los que les corresponde percibir un monto de bolsillo superior a los $1.150.000<\/p>\n<p>Viernes 6 de febrero<br \/>\n* Autoridades Superiores del Poder Judicial, MPA, MPD, Poder Legislativo y Poder Ejecutivo.<\/p>\n","protected":false},"excerpt":{"rendered":"<p>Comenzar\u00e1 el lunes 2 de febrero y se completar\u00e1 el viernes 6. Los pasivos que cobren hasta $1.150.000, junto con personal policial y penitenciario, tendr\u00e1n acreditado el cobro en sus cuentas el s\u00e1bado 31 de enero. El Gobierno Provincial, a trav\u00e9s del Ministerio de Econom\u00eda, inform\u00f3 que los haberes del mes de enero se percibir\u00e1n [&hellip;]<\/p>\n","protected":false},"author":3,"featured_media":69473,"comment_status":"closed","ping_status":"closed","sticky":false,"template":"","format":"standard","meta":{"_joinchat":[],"footnotes":""},"categories":[60],"tags":[],"class_list":{"0":"post-69472","1":"post","2":"type-post","3":"status-publish","4":"format-standard","5":"has-post-thumbnail","7":"category-provinciales"},"_links":{"self":[{"href":"https:\/\/infovera.com.ar\/web\/wp-json\/wp\/v2\/posts\/69472","targetHints":{"allow":["GET"]}}],"collection":[{"href":"https:\/\/infovera.com.ar\/web\/wp-json\/wp\/v2\/posts"}],"about":[{"href":"https:\/\/infovera.com.ar\/web\/wp-json\/wp\/v2\/types\/post"}],"author":[{"embeddable":true,"href":"https:\/\/infovera.com.ar\/web\/wp-json\/wp\/v2\/users\/3"}],"replies":[{"embeddable":true,"href":"https:\/\/infovera.com.ar\/web\/wp-json\/wp\/v2\/comments?post=69472"}],"version-history":[{"count":0,"href":"https:\/\/infovera.com.ar\/web\/wp-json\/wp\/v2\/posts\/69472\/revisions"}],"wp:featuredmedia":[{"embeddable":true,"href":"https:\/\/infovera.com.ar\/web\/wp-json\/wp\/v2\/media\/69473"}],"wp:attachment":[{"href":"https:\/\/infovera.com.ar\/web\/wp-json\/wp\/v2\/media?parent=69472"}],"wp:term":[{"taxonomy":"category","embeddable":true,"href":"https:\/\/infovera.com.ar\/web\/wp-json\/wp\/v2\/categories?post=69472"},{"taxonomy":"post_tag","embeddable":true,"href":"https:\/\/infovera.com.ar\/web\/wp-json\/wp\/v2\/tags?post=69472"}],"curies":[{"name":"wp","href":"https:\/\/api.w.org\/{rel}","templated":true}]}}