{"id":69467,"date":"2026-01-28T18:02:15","date_gmt":"2026-01-28T21:02:15","guid":{"rendered":"https:\/\/infovera.com.ar\/web\/?p=69467"},"modified":"2026-01-28T18:02:15","modified_gmt":"2026-01-28T21:02:15","slug":"vera-advierten-sobre-medidas-a-tomar-ante-la-presencia-de-animales-silvestres","status":"publish","type":"post","link":"https:\/\/infovera.com.ar\/web\/2026\/01\/28\/vera-advierten-sobre-medidas-a-tomar-ante-la-presencia-de-animales-silvestres\/","title":{"rendered":"Vera: advierten sobre medidas a tomar ante la presencia de animales silvestres"},"content":{"rendered":"<p class=\"s3\"><span class=\"s2\"><span class=\"bumpedFont15\">Con la llegada del verano, es com\u00fan que animales silvestres propios de nuestro monte se acerquen a zonas urbanas. Aunque en su mayor\u00eda son inofensivos, es importante saber c\u00f3mo actuar para evitar situaciones de riesgo, tanto para las personas como para los propios animales.<\/span><\/span><\/p>\n<p class=\"s3\"><span class=\"s2\"><span class=\"bumpedFont15\">\u201cLa buena noticia es que hoy existe una mayor conciencia ambiental y cada vez son menos los vecinos que atentan contra estos animales cuando aparecen en sus domicilios. Sin embargo, es fundamental informar y saber qu\u00e9 hacer para garantizar la seguridad de todos\u201d, expres\u00f3 la concejal <\/span><\/span><span class=\"s2\"><span class=\"bumpedFont15\">Capello<\/span><\/span><span class=\"s2\"><span class=\"bumpedFont15\">.<\/span><\/span><\/p>\n<p class=\"s3\"><span class=\"s2\"><span class=\"bumpedFont15\">En estos casos, quienes generalmente intervienen son los efectivos de la Guardia Rural <\/span><\/span><span class=\"s4\"><span class=\"bumpedFont15\">Los Pumas<\/span><\/span><span class=\"s2\"><span class=\"bumpedFont15\">, encargados de asistir a la comunidad, capturar a los animales de manera segura y trasladarlos a un lugar adecuado. Cabe destacar que cuentan con experiencia y capacitaci\u00f3n espec\u00edfica, y que en cada intervenci\u00f3n trabajan de forma coordinada con personal de Fauna de la Provincia de Santa Fe, quienes eval\u00faan la situaci\u00f3n y brindan las indicaciones correspondientes seg\u00fan el animal y el lugar donde se encuentra.<\/span><\/span><\/p>\n<p class=\"s3\"><span class=\"s2\"><span class=\"bumpedFont15\">\u201cEs destacable el trabajo articulado entre el Ministerio de Ambiente y Cambio Clim\u00e1tico y el Ministerio de Seguridad, con un objetivo com\u00fan: cuidar la fauna silvestre y proteger a la comunidad\u201d, se\u00f1al\u00f3 la concejal.<\/span><\/span><\/p>\n<p class=\"s3\"><span class=\"s2\"><span class=\"bumpedFont15\">En los pr\u00f3ximos a\u00f1os, adem\u00e1s, se prev\u00e9 la incorporaci\u00f3n de la figura del Guarda Fauna en la Reserva del Potrero 7B, un proyecto que avanza en nuestro departamento y permitir\u00e1 una mayor capacidad de respuesta, adem\u00e1s de tareas de preservaci\u00f3n, control y estudio de la fauna local.<\/span><\/span><\/p>\n<p class=\"s3\"><span class=\"s2\"><span class=\"bumpedFont15\">De manera inmediata, y como medida de prevenci\u00f3n, es fundamental reducir las condiciones que favorecen la presencia de animales silvestres en zonas urbanas. Para ello, resulta clave:<\/span><\/span><\/p>\n<div class=\"s6\"><span class=\"s5\">\u2022 <\/span><span class=\"s2\"><span class=\"bumpedFont15\">Que el municipio acompa\u00f1e con pol\u00edticas p\u00fablicas de corte y desmalezado de caminos, terrenos y espacios p\u00fablicos, tanto en la ciudad como en el distrito.<\/span><\/span><\/div>\n<div class=\"s6\"><span class=\"s5\">\u2022 <\/span><span class=\"s2\"><span class=\"bumpedFont15\">Que se apliquen las ordenanzas vigentes, notificando e intimando a los propietarios de terrenos a realizar la limpieza correspondiente en el menor tiempo posible.<\/span><\/span><\/div>\n<div class=\"s6\"><span class=\"s5\">\u2022 <\/span><span class=\"s2\"><span class=\"bumpedFont15\">Que cada vecino mantenga la limpieza de viviendas, patios y terrenos.<\/span><\/span><\/div>\n<p class=\"s3\"><span class=\"s2\"><span class=\"bumpedFont15\">\u201cEn los \u00faltimos d\u00edas hemos recibido numerosos reclamos de vecinos, por lo que estamos enviando las notas correspondientes a las \u00e1reas competentes. Somos conscientes de que las lluvias favorecen el r\u00e1pido crecimiento de los pastizales, pero aun as\u00ed es un servicio que debemos abordar<\/span><\/span><\/p>\n<p class=\"s3\"><span class=\"s2\"><span class=\"bumpedFont15\">No se trata de una cuesti\u00f3n est\u00e9tica, sino de una necesidad vinculada a la seguridad urbana, la salubridad y la <\/span><\/span><span class=\"s2\"><span class=\"bumpedFont15\">transitabilidad<\/span><\/span><span class=\"s2\"><span class=\"bumpedFont15\">. Entre todos podemos contribuir a tener una ciudad m\u00e1s limpia, segura y habitable, siendo responsables del espacio que habitamos.<\/span><\/span><span class=\"s2\"><span class=\"bumpedFont15\">\u201d Concluy\u00f3 Capello<\/span><\/span><a name=\"_GoBack\"><\/a><\/p>\n","protected":false},"excerpt":{"rendered":"<p>Con la llegada del verano, es com\u00fan que animales silvestres propios de nuestro monte se acerquen a zonas urbanas. Aunque en su mayor\u00eda son inofensivos, es importante saber c\u00f3mo actuar para evitar situaciones de riesgo, tanto para las personas como para los propios animales. \u201cLa buena noticia es que hoy existe una mayor conciencia ambiental [&hellip;]<\/p>\n","protected":false},"author":3,"featured_media":69470,"comment_status":"closed","ping_status":"closed","sticky":false,"template":"","format":"standard","meta":{"_joinchat":[],"footnotes":""},"categories":[53],"tags":[],"class_list":{"0":"post-69467","1":"post","2":"type-post","3":"status-publish","4":"format-standard","5":"has-post-thumbnail","7":"category-vera"},"_links":{"self":[{"href":"https:\/\/infovera.com.ar\/web\/wp-json\/wp\/v2\/posts\/69467","targetHints":{"allow":["GET"]}}],"collection":[{"href":"https:\/\/infovera.com.ar\/web\/wp-json\/wp\/v2\/posts"}],"about":[{"href":"https:\/\/infovera.com.ar\/web\/wp-json\/wp\/v2\/types\/post"}],"author":[{"embeddable":true,"href":"https:\/\/infovera.com.ar\/web\/wp-json\/wp\/v2\/users\/3"}],"replies":[{"embeddable":true,"href":"https:\/\/infovera.com.ar\/web\/wp-json\/wp\/v2\/comments?post=69467"}],"version-history":[{"count":0,"href":"https:\/\/infovera.com.ar\/web\/wp-json\/wp\/v2\/posts\/69467\/revisions"}],"wp:featuredmedia":[{"embeddable":true,"href":"https:\/\/infovera.com.ar\/web\/wp-json\/wp\/v2\/media\/69470"}],"wp:attachment":[{"href":"https:\/\/infovera.com.ar\/web\/wp-json\/wp\/v2\/media?parent=69467"}],"wp:term":[{"taxonomy":"category","embeddable":true,"href":"https:\/\/infovera.com.ar\/web\/wp-json\/wp\/v2\/categories?post=69467"},{"taxonomy":"post_tag","embeddable":true,"href":"https:\/\/infovera.com.ar\/web\/wp-json\/wp\/v2\/tags?post=69467"}],"curies":[{"name":"wp","href":"https:\/\/api.w.org\/{rel}","templated":true}]}}