{"id":69460,"date":"2026-01-28T13:08:26","date_gmt":"2026-01-28T16:08:26","guid":{"rendered":"https:\/\/infovera.com.ar\/web\/?p=69460"},"modified":"2026-01-30T14:37:04","modified_gmt":"2026-01-30T17:37:04","slug":"aportes-del-senador-osvaldo-sosa-para-instituciones-de-calchaqui","status":"publish","type":"post","link":"https:\/\/infovera.com.ar\/web\/2026\/01\/28\/aportes-del-senador-osvaldo-sosa-para-instituciones-de-calchaqui\/","title":{"rendered":"Aportes del senador Osvaldo Sosa para instituciones de Calchaqu\u00ed"},"content":{"rendered":"<p><strong>Este martes 27 de enero, a las 10 horas en la sede municipal de Calchaqu\u00ed, el senador Osvaldo Sosa &#8211; acompa\u00f1ado de la intendente Malvina Kiferling y su equipo territoria<\/strong>l &#8211; llev\u00f3 a cabo la entrega de fondos no reintegrables de la C\u00e1mara Alta a tres instituciones y ayudas sociales a vecinos de la localidad.<\/p>\n<p>Los aportes fueron destinados al Centro de Educaci\u00f3n F\u00edsica 7047 para la instalaci\u00f3n el\u00e9ctrica de un dep\u00f3sito que est\u00e1 construyendo, a la EEMPA 1050 para invertir en pintura y refacciones edilicias como a la Asociaci\u00f3n de V\u00f3ley para elementos deportivos de pretemporada.<\/p>\n<p>&#8220;Estuvimos en la ciudad de Calchaqu\u00ed junto a la intendente interina Malvina Kiferling, realizamos la entrega de aportes de fortalecimiento institucional al CEF 7047, EEMPA 1050 y V\u00f3ley Calchaqu\u00ed. Adem\u00e1s abordamos el tema de los carnavales en Calchaqu\u00ed. Destacamos la labor en la convenci\u00f3n reformadora y proyecci\u00f3n educativa del estudiante Lautaro Eliel Mendoza. Apoyando a las instituciones educativas, deporte y cultura del departamento&#8221;, manifest\u00f3 el legislador.<\/p>\n","protected":false},"excerpt":{"rendered":"<p>Este martes 27 de enero, a las 10 horas en la sede municipal de Calchaqu\u00ed, el senador Osvaldo Sosa &#8211; acompa\u00f1ado de la intendente Malvina Kiferling y su equipo territorial &#8211; llev\u00f3 a cabo la entrega de fondos no reintegrables de la C\u00e1mara Alta a tres instituciones y ayudas sociales a vecinos de la localidad. [&hellip;]<\/p>\n","protected":false},"author":3,"featured_media":69461,"comment_status":"closed","ping_status":"closed","sticky":false,"template":"","format":"standard","meta":{"_joinchat":[],"footnotes":""},"categories":[52],"tags":[],"class_list":{"0":"post-69460","1":"post","2":"type-post","3":"status-publish","4":"format-standard","5":"has-post-thumbnail","7":"category-calchaqui"},"_links":{"self":[{"href":"https:\/\/infovera.com.ar\/web\/wp-json\/wp\/v2\/posts\/69460","targetHints":{"allow":["GET"]}}],"collection":[{"href":"https:\/\/infovera.com.ar\/web\/wp-json\/wp\/v2\/posts"}],"about":[{"href":"https:\/\/infovera.com.ar\/web\/wp-json\/wp\/v2\/types\/post"}],"author":[{"embeddable":true,"href":"https:\/\/infovera.com.ar\/web\/wp-json\/wp\/v2\/users\/3"}],"replies":[{"embeddable":true,"href":"https:\/\/infovera.com.ar\/web\/wp-json\/wp\/v2\/comments?post=69460"}],"version-history":[{"count":0,"href":"https:\/\/infovera.com.ar\/web\/wp-json\/wp\/v2\/posts\/69460\/revisions"}],"wp:featuredmedia":[{"embeddable":true,"href":"https:\/\/infovera.com.ar\/web\/wp-json\/wp\/v2\/media\/69461"}],"wp:attachment":[{"href":"https:\/\/infovera.com.ar\/web\/wp-json\/wp\/v2\/media?parent=69460"}],"wp:term":[{"taxonomy":"category","embeddable":true,"href":"https:\/\/infovera.com.ar\/web\/wp-json\/wp\/v2\/categories?post=69460"},{"taxonomy":"post_tag","embeddable":true,"href":"https:\/\/infovera.com.ar\/web\/wp-json\/wp\/v2\/tags?post=69460"}],"curies":[{"name":"wp","href":"https:\/\/api.w.org\/{rel}","templated":true}]}}