{"id":69456,"date":"2026-01-28T13:53:44","date_gmt":"2026-01-28T16:53:44","guid":{"rendered":"https:\/\/infovera.com.ar\/web\/?p=69456"},"modified":"2026-01-30T14:35:01","modified_gmt":"2026-01-30T17:35:01","slug":"alurralde-fijo-posicion-la-reforma-del-regimen-penal-juvenil-solo-argentina-y-cuba-imputan-desde-los-16-anos","status":"publish","type":"post","link":"https:\/\/infovera.com.ar\/web\/2026\/01\/28\/alurralde-fijo-posicion-la-reforma-del-regimen-penal-juvenil-solo-argentina-y-cuba-imputan-desde-los-16-anos\/","title":{"rendered":"Alurralde fij\u00f3 posici\u00f3n la reforma del R\u00e9gimen Penal Juvenil: &#8220;Solo Argentina y Cuba imputan desde los 16 a\u00f1os&#8221;"},"content":{"rendered":"<p><strong>El juez federal Aldo Alurralde se manifest\u00f3 a favor de abrir una discusi\u00f3n profunda y necesaria sobre la reforma del R\u00e9gimen Penal Juvenil, al considerar que la legislaci\u00f3n vigente \u201cha quedado obsoleta\u201d frente a la realidad actual, y coincidi\u00f3 con recientes declaraciones del gobernador Maximiliano Pullaro en relaci\u00f3n con la gravedad de ciertos delitos.<\/strong><\/p>\n<p>Al ser consultado sobre la frase del mandatario provincial -\u201cun delito de mayor tiene que ser juzgado con una pena de mayor\u201d-, Alurralde sostuvo que el actual r\u00e9gimen, establecido por la Ley 22.278, no acompa\u00f1\u00f3 la evoluci\u00f3n del derecho ni los cambios sociales de las \u00faltimas d\u00e9cadas.<\/p>\n<p>\u201cEl r\u00e9gimen penal juvenil es antiguo y no sigui\u00f3 la corriente posterior del derecho, como el principio de autonom\u00eda progresiva, que hoy est\u00e1 incorporado en el C\u00f3digo Civil y Comercial\u201d, explic\u00f3. En ese sentido, record\u00f3 que el Estado ya reconoce a las personas de 16 a\u00f1os distintos derechos, como el voto joven o decisiones vinculadas a la identidad de g\u00e9nero, lo que evidencia una contradicci\u00f3n con el sistema penal vigente.<\/p>\n<p><strong>Debate necesario\u00a0<\/strong><\/p>\n<p>El magistrado afirm\u00f3 que resulta imprescindible plantear reformas, aunque aclar\u00f3 que la edad de imputabilidad debe ser definida por el Congreso. \u201cNo s\u00e9 si ser\u00e1 a los 13, 14 o 15 a\u00f1os, eso lo va a decidir el legislador, pero la discusi\u00f3n es necesaria\u201d, remarc\u00f3.<\/p>\n<p><strong>Alurralde se\u00f1al\u00f3 adem\u00e1s que Argentina y Cuba son hoy los \u00fanicos pa\u00edses de Am\u00e9rica con una edad de imputabilidad fijada en 16 a\u00f1os,<\/strong> mientras que en gran parte de la regi\u00f3n y en Europa se establece en 14 a\u00f1os, e incluso en algunos estados de Estados Unidos es inferior para determinados delitos.<\/p>\n<p><strong>Protecci\u00f3n de las v\u00edctimas<\/strong><\/p>\n<p>El juez fue claro al diferenciar los delitos menores de los delitos graves, y en este punto coincidi\u00f3 con el gobernador Pullaro.<strong> \u201cNo se trata de responsabilizar penalmente a un menor por delitos menores, donde existen penas alternativas como programas educativos o tareas comunitarias, sino de los casos graves:<\/strong> homicidios, violencia extrema, lesiones permanentes o situaciones con antecedentes reiterados\u201d, sostuvo.<\/p>\n<p>En ese marco, plante\u00f3 la necesidad de proteger a la sociedad y a las v\u00edctimas, cuestionando el mensaje que se transmite cuando hechos de extrema gravedad quedan sin una respuesta adecuada del sistema penal.<strong> \u201c\u00bfQu\u00e9 le explicamos a las v\u00edctimas que perdieron a un ser querido y vieron truncado su proyecto de vida?\u201d, se pregunt\u00f3.<\/strong><\/p>\n<p>No obstante, aclar\u00f3 que el encierro por s\u00ed solo no resuelve el problema. \u201cDebe existir un r\u00e9gimen penal juvenil que combine responsabilidad penal con pol\u00edticas de Estado, como asistencia social, inserci\u00f3n y tratamiento terap\u00e9utico. El encierro sin abordaje integral no soluciona la ra\u00edz del problema\u201d, afirm\u00f3.<\/p>\n<p><strong>Lucha contra el narcotr\u00e1fico<\/strong><\/p>\n<p>Durante la entrevista, Alurralde tambi\u00e9n se refiri\u00f3 a la reuni\u00f3n que mantuvo en enero con el fiscal del Ministerio P\u00fablico de la Acusaci\u00f3n, Dr. Franco Carbone, en el marco del trabajo conjunto entre la justicia federal y provincial.<\/p>\n<p>El encuentro tuvo como eje la articulaci\u00f3n entre microtr\u00e1fico y macrotr\u00e1fico de drogas, y la conformaci\u00f3n de equipos conjuntos de investigaci\u00f3n entre fiscal\u00edas federales y provinciales. <strong>\u201cEl delito no se toma vacaciones, por eso seguimos trabajando aun en feria\u201d, indic\u00f3.<\/strong><\/p>\n<p>Asimismo, valor\u00f3 positivamente la designaci\u00f3n del fiscal Sebasti\u00e1n Galeano para estar a cargo del microtr\u00e1fico en el norte provincial, se\u00f1alando que la centralizaci\u00f3n de decisiones en otras ciudades representaba una debilidad del sistema. \u201cNo todas las realidades del narcotr\u00e1fico son iguales; el norte, el centro y el sur de la provincia tienen problem\u00e1ticas distintas\u201d, sostuvo.<\/p>\n<p>Finalmente, remarc\u00f3 la necesidad de se\u00f1alar falencias sin especulaciones: \u201cTambi\u00e9n se miente cuando uno no dice lo que piensa. Nos une un enemigo com\u00fan, que es el narcotr\u00e1fico, y tenemos que trabajar de manera articulada, tanto desde el sistema federal como provincial\u201d.<\/p>\n","protected":false},"excerpt":{"rendered":"<p>El juez federal Aldo Alurralde se manifest\u00f3 a favor de abrir una discusi\u00f3n profunda y necesaria sobre la reforma del R\u00e9gimen Penal Juvenil, al considerar que la legislaci\u00f3n vigente \u201cha quedado obsoleta\u201d frente a la realidad actual, y coincidi\u00f3 con recientes declaraciones del gobernador Maximiliano Pullaro en relaci\u00f3n con la gravedad de ciertos delitos. Al [&hellip;]<\/p>\n","protected":false},"author":3,"featured_media":69457,"comment_status":"closed","ping_status":"closed","sticky":false,"template":"","format":"standard","meta":{"_joinchat":[],"footnotes":""},"categories":[61],"tags":[],"class_list":{"0":"post-69456","1":"post","2":"type-post","3":"status-publish","4":"format-standard","5":"has-post-thumbnail","7":"category-regionales"},"_links":{"self":[{"href":"https:\/\/infovera.com.ar\/web\/wp-json\/wp\/v2\/posts\/69456","targetHints":{"allow":["GET"]}}],"collection":[{"href":"https:\/\/infovera.com.ar\/web\/wp-json\/wp\/v2\/posts"}],"about":[{"href":"https:\/\/infovera.com.ar\/web\/wp-json\/wp\/v2\/types\/post"}],"author":[{"embeddable":true,"href":"https:\/\/infovera.com.ar\/web\/wp-json\/wp\/v2\/users\/3"}],"replies":[{"embeddable":true,"href":"https:\/\/infovera.com.ar\/web\/wp-json\/wp\/v2\/comments?post=69456"}],"version-history":[{"count":0,"href":"https:\/\/infovera.com.ar\/web\/wp-json\/wp\/v2\/posts\/69456\/revisions"}],"wp:featuredmedia":[{"embeddable":true,"href":"https:\/\/infovera.com.ar\/web\/wp-json\/wp\/v2\/media\/69457"}],"wp:attachment":[{"href":"https:\/\/infovera.com.ar\/web\/wp-json\/wp\/v2\/media?parent=69456"}],"wp:term":[{"taxonomy":"category","embeddable":true,"href":"https:\/\/infovera.com.ar\/web\/wp-json\/wp\/v2\/categories?post=69456"},{"taxonomy":"post_tag","embeddable":true,"href":"https:\/\/infovera.com.ar\/web\/wp-json\/wp\/v2\/tags?post=69456"}],"curies":[{"name":"wp","href":"https:\/\/api.w.org\/{rel}","templated":true}]}}