{"id":69453,"date":"2026-01-28T11:59:26","date_gmt":"2026-01-28T14:59:26","guid":{"rendered":"https:\/\/infovera.com.ar\/web\/?p=69453"},"modified":"2026-01-28T11:59:26","modified_gmt":"2026-01-28T14:59:26","slug":"pullaro-cuando-empece-a-hablar-de-la-baja-de-imputabilidad-hace-unos-7-anos-me-enfrente-con-todo-el-sistema-garantista-judicial-y-politico","status":"publish","type":"post","link":"https:\/\/infovera.com.ar\/web\/2026\/01\/28\/pullaro-cuando-empece-a-hablar-de-la-baja-de-imputabilidad-hace-unos-7-anos-me-enfrente-con-todo-el-sistema-garantista-judicial-y-politico\/","title":{"rendered":"Pullaro: \u201cCuando empec\u00e9 a hablar de la baja de imputabilidad hace unos 7 a\u00f1os me enfrent\u00e9 con todo el sistema garantista judicial y pol\u00edtico&#8221;"},"content":{"rendered":"<p>Consultado por el impacto del caso Jerem\u00edas Monz\u00f3n, el gobernador sostuvo que \u201cun delito de persona mayor tiene que tener una condena de mayor\u201d y remarc\u00f3 que el debate no debe centrarse en la edad, sino en \u201cla intenci\u00f3n o el dolo del delito\u201d.<\/p>\n<p>El gobernador de Santa Fe, Maximiliano Pullaro, volvi\u00f3 a referirse este mi\u00e9rcoles a la necesidad de revisar el r\u00e9gimen de imputabilidad en casos de delitos graves cometidos por menores de edad, y subray\u00f3 que se trata de una posici\u00f3n sostenida desde hace a\u00f1os, incluso antes de que el tema ingresara de lleno en la agenda pol\u00edtica nacional.<\/p>\n<p>\u201cCuando yo empec\u00e9 a hablar de la baja de imputabilidad hace unos 6 o 7 a\u00f1os, fui muy criticado por todo lo que era el sistema garantista judicial y pol\u00edtico que hab\u00eda en la Rep\u00fablica Argentina\u201d, record\u00f3 el mandatario, al se\u00f1alar que ya planteaba esta discusi\u00f3n cuando se desempe\u00f1aba como ministro de Seguridad de la provincia. En ese marco, enfatiz\u00f3 que \u201cno es un tema coyuntural ni de agenda pol\u00edtica por el caso Jerem\u00edas (Monz\u00f3n): yo lo vengo planteando desde que era ministro de Seguridad de la provincia, desde la dificultad de la construcci\u00f3n de una pol\u00edtica p\u00fablica que tiene que ver con la seguridad p\u00fablica, y la dificultad que tiene el Estado de poder encarcelar, detener y aislar de la sociedad a personas que cometen delitos violentos extremos\u201d.<\/p>\n<p>Pullaro remarc\u00f3 que su postura no responde a hechos puntuales, sino a una problem\u00e1tica estructural: \u201cNo es que lo hago ahora por el caso Jerem\u00edas Monz\u00f3n; lo hice desde que fui ministro de Seguridad y cuando no ten\u00eda ning\u00fan tipo de herramienta para aislar a sicarios menores que eran tomados por organizaciones criminales para cometer estos delitos\u201d. En ese sentido, advirti\u00f3 que \u201cvemos c\u00f3mo las organizaciones criminales se jactan de tener menores para cometer delitos violentos. Entonces, el Estado no puede ser el Estado bobo\u201d.<\/p>\n<p>Al mismo tiempo, el gobernador destac\u00f3 las pol\u00edticas de inclusi\u00f3n y prevenci\u00f3n que se desarrollan en la provincia: \u201cEn Santa Fe tenemos muchas herramientas: hay 26.000 chicos en el programa Nueva Oportunidad, a los que les damos una beca, les hacemos acompa\u00f1amiento y los vamos a buscar. Tenemos los programas Abre, Abre Familia, vamos a buscar a los chicos para que puedan participar de talleres y volver a la escuela. Por eso tambi\u00e9n ha bajado la violencia\u201d. Sin embargo, advirti\u00f3 que \u201chay chicos que cometen delitos violentos, que son cooptados por organizaciones criminales y utilizados como recursos porque no se los puede meter a la c\u00e1rcel\u201d.<\/p>\n<p>A un delito de mayor, una condena de mayor<\/p>\n<p>Pullaro fue categ\u00f3rico al fijar su posici\u00f3n: \u201cCreo que un delito de persona mayor tiene que tener una condena de mayor, y que la baja de la edad de imputabilidad no tiene que ser por edad, sino que tiene que ser por delito\u201d. En esa l\u00ednea, explic\u00f3: \u201cEl homicidio est\u00e1 sancionado culturalmente y moralmente en la sociedad desde que sos un ni\u00f1o. Entonces, claramente todos saben la acci\u00f3n negativa que est\u00e1n llevando adelante. Ni siquiera hablo de l\u00edmites de edad, hablo de tipos de delito y de la intenci\u00f3n del delito, del dolo, que eso pueda marcar la pena con la cual se tiene que tratar\u201d.<\/p>\n<p>El gobernador sostuvo que el marco legal debe actualizarse frente a las nuevas formas del delito: \u201cLa ley y la norma nos tienen que dar herramientas a quienes queremos seguir bajando la violencia para poder encarcelar y aislar de la sociedad a los violentos\u201d.<\/p>\n<p>Finalmente, sobre el tratamiento en el Congreso de la Naci\u00f3n del proyecto de ley para bajar la edad de imputabilidad, confirm\u00f3 que, si es convocado, \u201cvoy a estar presente\u201d, y anticip\u00f3 que \u201cvoy a hablar con los legisladores de Provincias Unidas y les voy a dar mi posici\u00f3n, que no significa que sea la posici\u00f3n de todos, pero s\u00ed las dificultades que tengo\u201d. En ese sentido, concluy\u00f3: \u201cLa construcci\u00f3n de seguridad amerita adecuar las normas a los momentos que estamos viviendo: el C\u00f3digo Penal se pens\u00f3 para un momento determinado y para delitos determinados hace mucho tiempo atr\u00e1s, pero hoy la criminalidad cambi\u00f3 y la criminalidad organizada tiene una estructura diferente\u201d.<\/p>\n","protected":false},"excerpt":{"rendered":"<p>Consultado por el impacto del caso Jerem\u00edas Monz\u00f3n, el gobernador sostuvo que \u201cun delito de persona mayor tiene que tener una condena de mayor\u201d y remarc\u00f3 que el debate no debe centrarse en la edad, sino en \u201cla intenci\u00f3n o el dolo del delito\u201d. El gobernador de Santa Fe, Maximiliano Pullaro, volvi\u00f3 a referirse este [&hellip;]<\/p>\n","protected":false},"author":3,"featured_media":69454,"comment_status":"closed","ping_status":"closed","sticky":false,"template":"","format":"standard","meta":{"_joinchat":[],"footnotes":""},"categories":[60],"tags":[],"class_list":{"0":"post-69453","1":"post","2":"type-post","3":"status-publish","4":"format-standard","5":"has-post-thumbnail","7":"category-provinciales"},"_links":{"self":[{"href":"https:\/\/infovera.com.ar\/web\/wp-json\/wp\/v2\/posts\/69453","targetHints":{"allow":["GET"]}}],"collection":[{"href":"https:\/\/infovera.com.ar\/web\/wp-json\/wp\/v2\/posts"}],"about":[{"href":"https:\/\/infovera.com.ar\/web\/wp-json\/wp\/v2\/types\/post"}],"author":[{"embeddable":true,"href":"https:\/\/infovera.com.ar\/web\/wp-json\/wp\/v2\/users\/3"}],"replies":[{"embeddable":true,"href":"https:\/\/infovera.com.ar\/web\/wp-json\/wp\/v2\/comments?post=69453"}],"version-history":[{"count":0,"href":"https:\/\/infovera.com.ar\/web\/wp-json\/wp\/v2\/posts\/69453\/revisions"}],"wp:featuredmedia":[{"embeddable":true,"href":"https:\/\/infovera.com.ar\/web\/wp-json\/wp\/v2\/media\/69454"}],"wp:attachment":[{"href":"https:\/\/infovera.com.ar\/web\/wp-json\/wp\/v2\/media?parent=69453"}],"wp:term":[{"taxonomy":"category","embeddable":true,"href":"https:\/\/infovera.com.ar\/web\/wp-json\/wp\/v2\/categories?post=69453"},{"taxonomy":"post_tag","embeddable":true,"href":"https:\/\/infovera.com.ar\/web\/wp-json\/wp\/v2\/tags?post=69453"}],"curies":[{"name":"wp","href":"https:\/\/api.w.org\/{rel}","templated":true}]}}