{"id":69450,"date":"2026-01-27T17:41:58","date_gmt":"2026-01-27T20:41:58","guid":{"rendered":"https:\/\/infovera.com.ar\/web\/?p=69450"},"modified":"2026-01-27T17:41:58","modified_gmt":"2026-01-27T20:41:58","slug":"capturaron-en-reconquista-a-un-hombre-con-pedido-de-captura-de-la-justicia-verense","status":"publish","type":"post","link":"https:\/\/infovera.com.ar\/web\/2026\/01\/27\/capturaron-en-reconquista-a-un-hombre-con-pedido-de-captura-de-la-justicia-verense\/","title":{"rendered":"Capturaron en Reconquista a un hombre con pedido de captura de la justicia verense"},"content":{"rendered":"<p><strong>En la madrugada de hoy y en el marco de patrullamientos por la zona asignada de la ciudad de Reconquista,<\/strong> m\u00e1s precisamente en inmediaciones de las calles 10 y 83, uniformados del Cuerpo Guardia de Infanter\u00eda de la UR IX procedieron a la aprehensi\u00f3n y captura de un hombre de 36 a\u00f1os quien seg\u00fan resultado de la consulta en el sistema inform\u00e1tico policial, <strong>era requerido desde el 24 de septiembre de 2024 por el Juzgado Penal de Sentencia de Vera<\/strong>, por hallarse vinculado a una causa de Hurto.<\/p>\n<p>Asimismo, comunicaron de lo informado al \u00f3rgano fiscal pertinente para luego trasladar el procedimiento hasta la Comisar\u00eda 2da. donde plasmaron legalmente las actuaciones procesales.<\/p>\n","protected":false},"excerpt":{"rendered":"<p>En la madrugada de hoy y en el marco de patrullamientos por la zona asignada de la ciudad de Reconquista, m\u00e1s precisamente en inmediaciones de las calles 10 y 83, uniformados del Cuerpo Guardia de Infanter\u00eda de la UR IX procedieron a la aprehensi\u00f3n y captura de un hombre de 36 a\u00f1os quien seg\u00fan resultado [&hellip;]<\/p>\n","protected":false},"author":3,"featured_media":69451,"comment_status":"closed","ping_status":"closed","sticky":false,"template":"","format":"standard","meta":{"_joinchat":[],"footnotes":""},"categories":[30,61],"tags":[],"class_list":{"0":"post-69450","1":"post","2":"type-post","3":"status-publish","4":"format-standard","5":"has-post-thumbnail","7":"category-policiales","8":"category-regionales"},"_links":{"self":[{"href":"https:\/\/infovera.com.ar\/web\/wp-json\/wp\/v2\/posts\/69450","targetHints":{"allow":["GET"]}}],"collection":[{"href":"https:\/\/infovera.com.ar\/web\/wp-json\/wp\/v2\/posts"}],"about":[{"href":"https:\/\/infovera.com.ar\/web\/wp-json\/wp\/v2\/types\/post"}],"author":[{"embeddable":true,"href":"https:\/\/infovera.com.ar\/web\/wp-json\/wp\/v2\/users\/3"}],"replies":[{"embeddable":true,"href":"https:\/\/infovera.com.ar\/web\/wp-json\/wp\/v2\/comments?post=69450"}],"version-history":[{"count":0,"href":"https:\/\/infovera.com.ar\/web\/wp-json\/wp\/v2\/posts\/69450\/revisions"}],"wp:featuredmedia":[{"embeddable":true,"href":"https:\/\/infovera.com.ar\/web\/wp-json\/wp\/v2\/media\/69451"}],"wp:attachment":[{"href":"https:\/\/infovera.com.ar\/web\/wp-json\/wp\/v2\/media?parent=69450"}],"wp:term":[{"taxonomy":"category","embeddable":true,"href":"https:\/\/infovera.com.ar\/web\/wp-json\/wp\/v2\/categories?post=69450"},{"taxonomy":"post_tag","embeddable":true,"href":"https:\/\/infovera.com.ar\/web\/wp-json\/wp\/v2\/tags?post=69450"}],"curies":[{"name":"wp","href":"https:\/\/api.w.org\/{rel}","templated":true}]}}