{"id":69440,"date":"2026-01-27T15:55:47","date_gmt":"2026-01-27T18:55:47","guid":{"rendered":"https:\/\/infovera.com.ar\/web\/?p=69440"},"modified":"2026-01-27T15:55:47","modified_gmt":"2026-01-27T18:55:47","slug":"paritaria-municipal-sin-acuerdo-festram-decreto-un-paro-de-72-hs","status":"publish","type":"post","link":"https:\/\/infovera.com.ar\/web\/2026\/01\/27\/paritaria-municipal-sin-acuerdo-festram-decreto-un-paro-de-72-hs\/","title":{"rendered":"Paritaria municipal sin acuerdo: FESTRAM decret\u00f3 un paro de 72 hs"},"content":{"rendered":"<p>El Plenario de Secretarios Generales resolvi\u00f3 Paro de 72 horas con movilizaciones y cortes de rutam<\/p>\n<p>Nuevamente se desarroll\u00f3 una audiencia entre los miembros paritarios de Intendentes y Presidentes Comunales y los representantes de FESTRAM, ante el Ministerio de Trabajo, y no hubo avances entre las parte ya que los Intendentes insistieron con la misma propuesta que FESTRAM hab\u00eda rechazado en 3 oportunidades por considerarla insuficiente para cerrar la pol\u00edtica salarial del 2025.<\/p>\n<p>El Plenario de Secretarios\/as de los 42 Sindicatos adheridos decret\u00f3 un Paro Total de actividades de 72 horas para los d\u00edas jueves 29, viernes 30 de enero y lunes 2 de febrero con movilizaciones y cortes de ruta el viernes 30.<\/p>\n<p>El Gobierno Provincial interfiere ilegalmente en la Negociaci\u00f3n paritaria de los Trabajadores Municipales de esta Provincia ya que se niega a llevar la negociaci\u00f3n a la Secretar\u00eda de Municipios y Comunas. Con esta maniobra ha conseguido un claro perjuicio en los sueldos de los trabajadores del sector que se mantienen sin aumentos desde el mes de octubre del 2025, con una diferencia de inflaci\u00f3n acumulada que supera el 10%.<\/p>\n<p>Prensa FESTRAM<\/p>\n","protected":false},"excerpt":{"rendered":"<p>El Plenario de Secretarios Generales resolvi\u00f3 Paro de 72 horas con movilizaciones y cortes de rutam Nuevamente se desarroll\u00f3 una audiencia entre los miembros paritarios de Intendentes y Presidentes Comunales y los representantes de FESTRAM, ante el Ministerio de Trabajo, y no hubo avances entre las parte ya que los Intendentes insistieron con la misma [&hellip;]<\/p>\n","protected":false},"author":3,"featured_media":69441,"comment_status":"closed","ping_status":"closed","sticky":false,"template":"","format":"standard","meta":{"_joinchat":[],"footnotes":""},"categories":[56],"tags":[],"class_list":{"0":"post-69440","1":"post","2":"type-post","3":"status-publish","4":"format-standard","5":"has-post-thumbnail","7":"category-destacados"},"_links":{"self":[{"href":"https:\/\/infovera.com.ar\/web\/wp-json\/wp\/v2\/posts\/69440","targetHints":{"allow":["GET"]}}],"collection":[{"href":"https:\/\/infovera.com.ar\/web\/wp-json\/wp\/v2\/posts"}],"about":[{"href":"https:\/\/infovera.com.ar\/web\/wp-json\/wp\/v2\/types\/post"}],"author":[{"embeddable":true,"href":"https:\/\/infovera.com.ar\/web\/wp-json\/wp\/v2\/users\/3"}],"replies":[{"embeddable":true,"href":"https:\/\/infovera.com.ar\/web\/wp-json\/wp\/v2\/comments?post=69440"}],"version-history":[{"count":0,"href":"https:\/\/infovera.com.ar\/web\/wp-json\/wp\/v2\/posts\/69440\/revisions"}],"wp:featuredmedia":[{"embeddable":true,"href":"https:\/\/infovera.com.ar\/web\/wp-json\/wp\/v2\/media\/69441"}],"wp:attachment":[{"href":"https:\/\/infovera.com.ar\/web\/wp-json\/wp\/v2\/media?parent=69440"}],"wp:term":[{"taxonomy":"category","embeddable":true,"href":"https:\/\/infovera.com.ar\/web\/wp-json\/wp\/v2\/categories?post=69440"},{"taxonomy":"post_tag","embeddable":true,"href":"https:\/\/infovera.com.ar\/web\/wp-json\/wp\/v2\/tags?post=69440"}],"curies":[{"name":"wp","href":"https:\/\/api.w.org\/{rel}","templated":true}]}}