{"id":69437,"date":"2026-01-27T10:14:19","date_gmt":"2026-01-27T13:14:19","guid":{"rendered":"https:\/\/infovera.com.ar\/web\/?p=69437"},"modified":"2026-01-28T14:20:15","modified_gmt":"2026-01-28T17:20:15","slug":"dieron-a-conocer-el-precio-de-las-entradas-para-el-carnaval-de-vera","status":"publish","type":"post","link":"https:\/\/infovera.com.ar\/web\/2026\/01\/27\/dieron-a-conocer-el-precio-de-las-entradas-para-el-carnaval-de-vera\/","title":{"rendered":"Dieron a conocer el precio de las entradas para el Carnaval de Vera"},"content":{"rendered":"<p><strong>En conferencia de prensa, la comisi\u00f3n organizadora del Carnaval de Vera dio a conocer el valor de las entradas correspondientes a cada noche del tradicional espect\u00e1culo verense. Se inform\u00f3 que el precio fue definido de manera conjunta entre el sector privado que solventa el evento, Mute y Meat, y la comisi\u00f3n organizadora.<\/strong><\/p>\n<p>Desde la organizaci\u00f3n se aclar\u00f3 que, hasta el momento, no se cuenta con aportes del Gobierno Provincial para la realizaci\u00f3n del carnaval, y que el acompa\u00f1amiento institucional recibido proviene del senador Osvaldo Sosa y del diputado Sergio Rojas.<\/p>\n<p>En cuanto a los valores, la entrada general para mayores ser\u00e1 de 15 mil pesos, mientras que los menores de 12 a\u00f1os abonar\u00e1n 5 mil pesos. El desfile de comparsas dar\u00e1 inicio cada noche a las 21:30 horas.<\/p>\n<p>El carnaval contar\u00e1 con la participaci\u00f3n de seis comparsas y el Centro de Jubilados, presentes todas las noches. Cada comparsa dispondr\u00e1 de un tiempo m\u00e1ximo de 1 hora y 15 minutos para su pasada, debiendo cumplir estrictamente con el reglamento interno para evitar posibles sanciones.<\/p>\n<p>Adem\u00e1s, se inform\u00f3 que el buffet estar\u00e1 a cargo de las comparsas, por lo que no se permitir\u00e1 el ingreso de conservadoras (en mesas alquiladas), y que no habr\u00e1 vendedores ambulantes dentro del predio, con el objetivo de garantizar el orden y el normal desarrollo del espect\u00e1culo.<\/p>\n<p>En este marco, se indic\u00f3 que el precio estimado de una mesa con cuatro sillas oscilar\u00e1 entre los 20 y 24 mil pesos, dependiendo de su ubicaci\u00f3n, y que las mismas estar\u00e1n disponibles a trav\u00e9s de los buffet de las comparsas.<\/p>\n<p>De esta manera, el Carnaval de Vera comienza a tomar forma, con definiciones claves de cara a una nueva edici\u00f3n que promete noches de m\u00fasica, color y tradici\u00f3n.<\/p>\n","protected":false},"excerpt":{"rendered":"<p>En conferencia de prensa, la comisi\u00f3n organizadora del Carnaval de Vera dio a conocer el valor de las entradas correspondientes a cada noche del tradicional espect\u00e1culo verense. Se inform\u00f3 que el precio fue definido de manera conjunta entre el sector privado que solventa el evento, Mute y Meat, y la comisi\u00f3n organizadora. Desde la organizaci\u00f3n [&hellip;]<\/p>\n","protected":false},"author":3,"featured_media":69438,"comment_status":"closed","ping_status":"closed","sticky":false,"template":"","format":"standard","meta":{"_joinchat":[],"footnotes":""},"categories":[40,53],"tags":[],"class_list":{"0":"post-69437","1":"post","2":"type-post","3":"status-publish","4":"format-standard","5":"has-post-thumbnail","7":"category-cultura","8":"category-vera"},"_links":{"self":[{"href":"https:\/\/infovera.com.ar\/web\/wp-json\/wp\/v2\/posts\/69437","targetHints":{"allow":["GET"]}}],"collection":[{"href":"https:\/\/infovera.com.ar\/web\/wp-json\/wp\/v2\/posts"}],"about":[{"href":"https:\/\/infovera.com.ar\/web\/wp-json\/wp\/v2\/types\/post"}],"author":[{"embeddable":true,"href":"https:\/\/infovera.com.ar\/web\/wp-json\/wp\/v2\/users\/3"}],"replies":[{"embeddable":true,"href":"https:\/\/infovera.com.ar\/web\/wp-json\/wp\/v2\/comments?post=69437"}],"version-history":[{"count":0,"href":"https:\/\/infovera.com.ar\/web\/wp-json\/wp\/v2\/posts\/69437\/revisions"}],"wp:featuredmedia":[{"embeddable":true,"href":"https:\/\/infovera.com.ar\/web\/wp-json\/wp\/v2\/media\/69438"}],"wp:attachment":[{"href":"https:\/\/infovera.com.ar\/web\/wp-json\/wp\/v2\/media?parent=69437"}],"wp:term":[{"taxonomy":"category","embeddable":true,"href":"https:\/\/infovera.com.ar\/web\/wp-json\/wp\/v2\/categories?post=69437"},{"taxonomy":"post_tag","embeddable":true,"href":"https:\/\/infovera.com.ar\/web\/wp-json\/wp\/v2\/tags?post=69437"}],"curies":[{"name":"wp","href":"https:\/\/api.w.org\/{rel}","templated":true}]}}