{"id":69418,"date":"2026-01-26T18:10:36","date_gmt":"2026-01-26T21:10:36","guid":{"rendered":"https:\/\/infovera.com.ar\/web\/?p=69418"},"modified":"2026-01-26T18:11:10","modified_gmt":"2026-01-26T21:11:10","slug":"un-empleado-municipal-se-suicido-tras-discutir-con-su-pareja-en-reconquista","status":"publish","type":"post","link":"https:\/\/infovera.com.ar\/web\/2026\/01\/26\/un-empleado-municipal-se-suicido-tras-discutir-con-su-pareja-en-reconquista\/","title":{"rendered":"Un empleado municipal se suicid\u00f3 tras discutir con su pareja en Reconquista"},"content":{"rendered":"<p><strong>Personal del Comando Radioel\u00e9ctrico de la Unidad Regional IX, con asiento en Reconquista, intervino en la tarde del lunes 26 de enero, tras un llamado al 911 que alertaba sobre un posible intento de suicidio en inmediaciones del barrio San Francisco.<\/strong><\/p>\n<p>El procedimiento se inici\u00f3 alrededor de las 13:25, en un sector ubicado sobre calle Pietropaolo, detr\u00e1s del mencionado barrio. Al arribar al lugar, los efectivos se entrevistaron con Claudia B\u00e1ez, empleada municipal de 35 a\u00f1os, domiciliada en la zona, quien manifest\u00f3 haber mantenido una discusi\u00f3n con su pareja, el cual posteriormente se retir\u00f3 del domicilio manifestando intenciones de quitarse la vida.<\/p>\n<p>Tras realizar un rastrillaje en un campo cercano, el personal policial hall\u00f3 el cuerpo sin vida de un hombre de 41 a\u00f1os, identificado como Diego Lisandro Soria, domiciliado en barrio San Francisco y tambi\u00e9n numerario municipal. En el lugar tambi\u00e9n se encontraba una motocicleta 110 cc, propiedad del fallecido, que todo indica se habr\u00eda suicidado.<\/p>\n<p>Posteriormente se hizo presente personal de la Comisar\u00eda Segunda, el m\u00e9dico policial en turno, quien constat\u00f3 el deceso, y efectivos de Criminal\u00edstica, quienes llevaron adelante las pericias correspondientes. Se procedi\u00f3 adem\u00e1s al secuestro de elementos de inter\u00e9s para la causa.<\/p>\n<p>Las diligencias quedaron a cargo de la Comisar\u00eda Segunda, con intervenci\u00f3n de la justicia competente, a fin de esclarecer lo sucedido.<\/p>\n<p><strong>C\u00d3MO PEDIR AYUDA<\/strong><\/p>\n<p><a href=\"https:\/\/infovera.com.ar\/web\/wp-content\/uploads\/2026\/01\/suic-c.png\"><img loading=\"lazy\" decoding=\"async\" class=\"alignleft size-full wp-image-69420\" src=\"https:\/\/infovera.com.ar\/web\/wp-content\/uploads\/2026\/01\/suic-c.png\" alt=\"\" width=\"838\" height=\"491\" srcset=\"https:\/\/infovera.com.ar\/web\/wp-content\/uploads\/2026\/01\/suic-c.png 838w, https:\/\/infovera.com.ar\/web\/wp-content\/uploads\/2026\/01\/suic-c-717x420.png 717w, https:\/\/infovera.com.ar\/web\/wp-content\/uploads\/2026\/01\/suic-c-696x408.png 696w\" sizes=\"auto, (max-width: 838px) 100vw, 838px\" \/><\/a><\/p>\n","protected":false},"excerpt":{"rendered":"<p>Personal del Comando Radioel\u00e9ctrico de la Unidad Regional IX, con asiento en Reconquista, intervino en la tarde del lunes 26 de enero, tras un llamado al 911 que alertaba sobre un posible intento de suicidio en inmediaciones del barrio San Francisco. El procedimiento se inici\u00f3 alrededor de las 13:25, en un sector ubicado sobre calle [&hellip;]<\/p>\n","protected":false},"author":3,"featured_media":69419,"comment_status":"closed","ping_status":"closed","sticky":false,"template":"","format":"standard","meta":{"_joinchat":[],"footnotes":""},"categories":[30,61],"tags":[],"class_list":{"0":"post-69418","1":"post","2":"type-post","3":"status-publish","4":"format-standard","5":"has-post-thumbnail","7":"category-policiales","8":"category-regionales"},"_links":{"self":[{"href":"https:\/\/infovera.com.ar\/web\/wp-json\/wp\/v2\/posts\/69418","targetHints":{"allow":["GET"]}}],"collection":[{"href":"https:\/\/infovera.com.ar\/web\/wp-json\/wp\/v2\/posts"}],"about":[{"href":"https:\/\/infovera.com.ar\/web\/wp-json\/wp\/v2\/types\/post"}],"author":[{"embeddable":true,"href":"https:\/\/infovera.com.ar\/web\/wp-json\/wp\/v2\/users\/3"}],"replies":[{"embeddable":true,"href":"https:\/\/infovera.com.ar\/web\/wp-json\/wp\/v2\/comments?post=69418"}],"version-history":[{"count":0,"href":"https:\/\/infovera.com.ar\/web\/wp-json\/wp\/v2\/posts\/69418\/revisions"}],"wp:featuredmedia":[{"embeddable":true,"href":"https:\/\/infovera.com.ar\/web\/wp-json\/wp\/v2\/media\/69419"}],"wp:attachment":[{"href":"https:\/\/infovera.com.ar\/web\/wp-json\/wp\/v2\/media?parent=69418"}],"wp:term":[{"taxonomy":"category","embeddable":true,"href":"https:\/\/infovera.com.ar\/web\/wp-json\/wp\/v2\/categories?post=69418"},{"taxonomy":"post_tag","embeddable":true,"href":"https:\/\/infovera.com.ar\/web\/wp-json\/wp\/v2\/tags?post=69418"}],"curies":[{"name":"wp","href":"https:\/\/api.w.org\/{rel}","templated":true}]}}