{"id":69415,"date":"2026-01-26T17:54:37","date_gmt":"2026-01-26T20:54:37","guid":{"rendered":"https:\/\/infovera.com.ar\/web\/?p=69415"},"modified":"2026-01-26T17:54:37","modified_gmt":"2026-01-26T20:54:37","slug":"operativo-verano-alcoholemia-positiva-en-tres-conductores-profesionales","status":"publish","type":"post","link":"https:\/\/infovera.com.ar\/web\/2026\/01\/26\/operativo-verano-alcoholemia-positiva-en-tres-conductores-profesionales\/","title":{"rendered":"Operativo Verano: alcoholemia positiva en tres conductores profesionales"},"content":{"rendered":"<p><strong>En el marco de distintos operativos de control vehicular realizados durante el fin de semana por personal de Guardia Provincial, llevaron a cabo tres procedimientos por alcoholemia positiva en conductores profesionales, en rutas nacionales de los departamentos General Obligado, La Capital y San Crist\u00f3bal.<\/strong><\/p>\n<p>El primer hecho tuvo lugar s<strong>obre Ruta Nacional N\u00b0 11 altura del km 777, donde numerarios de la Unidad Operativa Regional I (Reconquista) detuvieron la marcha de un hombre que se trasladaba en un cami\u00f3n.<\/strong> Tras realizarle la prueba de alcoholemia, el mismo dio <strong>resultado positivo de 0,20 g\/l.<\/strong><\/p>\n<p>El segundo procedimiento fue sobre Ruta Nacional N\u00b0 168, en inmediaciones del km 18, jurisdicci\u00f3n del Departamento La Capital, donde efectivos de la Brigada Motorizada Centro Norte identificaron a un hombre de nacionalidad brasile\u00f1a que se conduc\u00eda en un tractor de carretera. En continuidad, llevaron adelante el test de alcoholemia que arroj\u00f3 un resultado positivo sancionable de 0,07 g\/l, superando el l\u00edmite permitido para conductores profesionales.<\/p>\n<p>Finalmente, el tercer hecho ocurri\u00f3, sobre Ruta Nacional N\u00b0 34, en la localidad de La Rubia, jurisdicci\u00f3n de la Unidad Operativa Regional VI (San Crist\u00f3bal). En el lugar, personal policial identific\u00f3 a un individuo que se trasladaba en un tractor con cabina dormitorio.<\/p>\n<p>Seguidamente, los actuantes observaron que el conductor presentaba aparentemente evidentes signos de ebriedad, neg\u00e1ndose a realizar la prueba de alcoholemia. Ante esta situaci\u00f3n, labraron m\u00faltiples actas de infracci\u00f3n y procedieron a la retenci\u00f3n de la Licencia Nacional de Conducir y al secuestro del veh\u00edculo, quedando el mismo depositado frente a la Comisar\u00eda 18va. de La Rubia, con intervenci\u00f3n del Juzgado de Faltas de San Crist\u00f3bal.<\/p>\n<p>Cabe mencionar que en todos los casos, los uniformados dieron cumplimiento a los protocolos vigentes, labraron las actas de infracci\u00f3n correspondientes y retuvieron preventivamente las licencias de conducir. Adem\u00e1s, dispusieron la prohibici\u00f3n de circular y quedaron los veh\u00edculos en zona segura<\/p>\n","protected":false},"excerpt":{"rendered":"<p>En el marco de distintos operativos de control vehicular realizados durante el fin de semana por personal de Guardia Provincial, llevaron a cabo tres procedimientos por alcoholemia positiva en conductores profesionales, en rutas nacionales de los departamentos General Obligado, La Capital y San Crist\u00f3bal. El primer hecho tuvo lugar sobre Ruta Nacional N\u00b0 11 altura [&hellip;]<\/p>\n","protected":false},"author":3,"featured_media":69416,"comment_status":"closed","ping_status":"closed","sticky":false,"template":"","format":"standard","meta":{"_joinchat":[],"footnotes":""},"categories":[30,60],"tags":[],"class_list":{"0":"post-69415","1":"post","2":"type-post","3":"status-publish","4":"format-standard","5":"has-post-thumbnail","7":"category-policiales","8":"category-provinciales"},"_links":{"self":[{"href":"https:\/\/infovera.com.ar\/web\/wp-json\/wp\/v2\/posts\/69415","targetHints":{"allow":["GET"]}}],"collection":[{"href":"https:\/\/infovera.com.ar\/web\/wp-json\/wp\/v2\/posts"}],"about":[{"href":"https:\/\/infovera.com.ar\/web\/wp-json\/wp\/v2\/types\/post"}],"author":[{"embeddable":true,"href":"https:\/\/infovera.com.ar\/web\/wp-json\/wp\/v2\/users\/3"}],"replies":[{"embeddable":true,"href":"https:\/\/infovera.com.ar\/web\/wp-json\/wp\/v2\/comments?post=69415"}],"version-history":[{"count":0,"href":"https:\/\/infovera.com.ar\/web\/wp-json\/wp\/v2\/posts\/69415\/revisions"}],"wp:featuredmedia":[{"embeddable":true,"href":"https:\/\/infovera.com.ar\/web\/wp-json\/wp\/v2\/media\/69416"}],"wp:attachment":[{"href":"https:\/\/infovera.com.ar\/web\/wp-json\/wp\/v2\/media?parent=69415"}],"wp:term":[{"taxonomy":"category","embeddable":true,"href":"https:\/\/infovera.com.ar\/web\/wp-json\/wp\/v2\/categories?post=69415"},{"taxonomy":"post_tag","embeddable":true,"href":"https:\/\/infovera.com.ar\/web\/wp-json\/wp\/v2\/tags?post=69415"}],"curies":[{"name":"wp","href":"https:\/\/api.w.org\/{rel}","templated":true}]}}