{"id":69410,"date":"2026-01-26T17:44:33","date_gmt":"2026-01-26T20:44:33","guid":{"rendered":"https:\/\/infovera.com.ar\/web\/?p=69410"},"modified":"2026-01-26T17:49:11","modified_gmt":"2026-01-26T20:49:11","slug":"alal-cerro-sus-plantas-de-goya-y-villa-angela","status":"publish","type":"post","link":"https:\/\/infovera.com.ar\/web\/2026\/01\/26\/alal-cerro-sus-plantas-de-goya-y-villa-angela\/","title":{"rendered":"Alal cerr\u00f3 sus plantas de Goya y Villa \u00c1ngela"},"content":{"rendered":"<p><strong>Un comunicado de Emilio Alal S.A.C.I.F.I. inform\u00f3 que, tras un an\u00e1lisis exhaustivo y agotar todas las instancias posibles, la empresa con sede en Reconquista ha decidido cerrar sus plantas productivas de hilados y telas en Goya (Corrientes) y Villa \u00c1ngela (Chaco) debido al contexto econ\u00f3mico y comercial adverso que afecta la competitividad de la industria nacional.<\/strong><\/p>\n<p>Las razones principales del cierre son:<\/p>\n<p>1. Apertura indiscriminada de importaciones de hilados, telas y prendas de vestir que redujeron la demanda de textiles nacionales.<br \/>\n2. Altos costos financieros, laborales y energ\u00e9ticos, junto con carga impositiva y atraso cambiario.<br \/>\n3. Deterioro en la cadena de comercializaci\u00f3n y cobranzas del sector textil, afectando el flujo financiero.<\/p>\n<p>La empresa indic\u00f3 que intent\u00f3 revertir la situaci\u00f3n produciendo telas con est\u00e1ndares internacionales para exportar, pero no logr\u00f3 cambiar el escenario. El cierre refleja una crisis que afecta al sector textil en particular y a las industrias manufactureras en general.<\/p>\n<p>La decisi\u00f3n &#8220;se toma con gran pesar, reconociendo el impacto social y humano, y agradeciendo a trabajadores, proveedores y la comunidad por su apoyo&#8221;. La empresa reafirm\u00f3 su convicci\u00f3n sobre la importancia de la industria nacional y busca un di\u00e1logo democr\u00e1tico para recuperar el entramado productivo y el empleo.<\/p>\n<p>La medida afecta a m\u00e1s de 250 trabajadores.<\/p>\n","protected":false},"excerpt":{"rendered":"<p>Un comunicado de Emilio Alal S.A.C.I.F.I. inform\u00f3 que, tras un an\u00e1lisis exhaustivo y agotar todas las instancias posibles, la empresa con sede en Reconquista ha decidido cerrar sus plantas productivas de hilados y telas en Goya (Corrientes) y Villa \u00c1ngela (Chaco) debido al contexto econ\u00f3mico y comercial adverso que afecta la competitividad de la industria [&hellip;]<\/p>\n","protected":false},"author":3,"featured_media":69411,"comment_status":"closed","ping_status":"closed","sticky":false,"template":"","format":"standard","meta":{"_joinchat":[],"footnotes":""},"categories":[48,61],"tags":[],"class_list":{"0":"post-69410","1":"post","2":"type-post","3":"status-publish","4":"format-standard","5":"has-post-thumbnail","7":"category-produccion","8":"category-regionales"},"_links":{"self":[{"href":"https:\/\/infovera.com.ar\/web\/wp-json\/wp\/v2\/posts\/69410","targetHints":{"allow":["GET"]}}],"collection":[{"href":"https:\/\/infovera.com.ar\/web\/wp-json\/wp\/v2\/posts"}],"about":[{"href":"https:\/\/infovera.com.ar\/web\/wp-json\/wp\/v2\/types\/post"}],"author":[{"embeddable":true,"href":"https:\/\/infovera.com.ar\/web\/wp-json\/wp\/v2\/users\/3"}],"replies":[{"embeddable":true,"href":"https:\/\/infovera.com.ar\/web\/wp-json\/wp\/v2\/comments?post=69410"}],"version-history":[{"count":0,"href":"https:\/\/infovera.com.ar\/web\/wp-json\/wp\/v2\/posts\/69410\/revisions"}],"wp:featuredmedia":[{"embeddable":true,"href":"https:\/\/infovera.com.ar\/web\/wp-json\/wp\/v2\/media\/69411"}],"wp:attachment":[{"href":"https:\/\/infovera.com.ar\/web\/wp-json\/wp\/v2\/media?parent=69410"}],"wp:term":[{"taxonomy":"category","embeddable":true,"href":"https:\/\/infovera.com.ar\/web\/wp-json\/wp\/v2\/categories?post=69410"},{"taxonomy":"post_tag","embeddable":true,"href":"https:\/\/infovera.com.ar\/web\/wp-json\/wp\/v2\/tags?post=69410"}],"curies":[{"name":"wp","href":"https:\/\/api.w.org\/{rel}","templated":true}]}}