{"id":69401,"date":"2026-01-26T17:30:16","date_gmt":"2026-01-26T20:30:16","guid":{"rendered":"https:\/\/infovera.com.ar\/web\/?p=69401"},"modified":"2026-01-27T15:57:37","modified_gmt":"2026-01-27T18:57:37","slug":"carnaval-2026-cuales-son-los-temas-que-presentaran-las-comparsas-de-vera","status":"publish","type":"post","link":"https:\/\/infovera.com.ar\/web\/2026\/01\/26\/carnaval-2026-cuales-son-los-temas-que-presentaran-las-comparsas-de-vera\/","title":{"rendered":"Carnaval 2026: cu\u00e1les son los temas que presentar\u00e1n las comparsas de Vera"},"content":{"rendered":"<p><strong>Faltan solo dos semanas para la noche inaugural de Vera, el Carnaval de Santa Fe. Las fechas confirmadas son 7, 14 y 21 de febrero. InfoVera presenta en exclusivo cada tema que pondr\u00e1n en escena las agrupaciones verenses. <\/strong><\/p>\n<p><strong>INVITAN Y ORGANIZAN: MEAT Sonido Profesional, MUTE SONIDO PROFESIONAL, MUNICIPALIDAD DE VERA GESTI\u00d3N MITRE, COMISI\u00d3N CARNAVAL DE VERA.<\/strong><\/p>\n<p><strong><span style=\"color: #ff9900;\">1- VERASAMBA<\/span><\/strong><br \/>\n<span style=\"color: #ff9900;\"><strong>TEMA: &#8220;10 A\u00d1OS DE PASI\u00d3N&#8221;<\/strong><\/span><\/p>\n<p><a href=\"https:\/\/infovera.com.ar\/web\/wp-content\/uploads\/2026\/01\/vs.jpg\"><img loading=\"lazy\" decoding=\"async\" class=\"alignleft size-full wp-image-69404\" src=\"https:\/\/infovera.com.ar\/web\/wp-content\/uploads\/2026\/01\/vs.jpg\" alt=\"\" width=\"1080\" height=\"1350\" srcset=\"https:\/\/infovera.com.ar\/web\/wp-content\/uploads\/2026\/01\/vs.jpg 1080w, https:\/\/infovera.com.ar\/web\/wp-content\/uploads\/2026\/01\/vs-336x420.jpg 336w, https:\/\/infovera.com.ar\/web\/wp-content\/uploads\/2026\/01\/vs-696x870.jpg 696w, https:\/\/infovera.com.ar\/web\/wp-content\/uploads\/2026\/01\/vs-1068x1335.jpg 1068w\" sizes=\"auto, (max-width: 1080px) 100vw, 1080px\" \/><\/a><\/p>\n<p>Este a\u00f1o viajamos al coraz\u00f3n de la selva m\u00e1s grande del planeta, un homenaje a su fuerza, a su magia y a la vida que la habita. Cuando la noche se apodera de Vera. Aparece el encanto, el brillo y la pasi\u00f3n.<\/p>\n<p>Un cardenal que empieza a volar, un ritmo que contagia con su pasi\u00f3n. Desde el comienzo se siente el grupo de apasionados que se hacen sentir.<\/p>\n<p>10 a\u00f1os ya pasaron, y una nueva etapa nos encuentra &#8220;todos juntos&#8221;.<\/p>\n<p><strong>VERASAMBA ES UNI\u00d3N Y AMOR.<\/strong><\/p>\n<p><strong><span style=\"color: #ff9900;\">2- BAMBITA<\/span><\/strong><br \/>\n<strong><span style=\"color: #ff9900;\">TEMA: SUPER BAMBITA<\/span><\/strong><\/p>\n<p><a href=\"https:\/\/infovera.com.ar\/web\/wp-content\/uploads\/2026\/01\/bb.jpg\"><img loading=\"lazy\" decoding=\"async\" class=\"alignleft size-full wp-image-69405\" src=\"https:\/\/infovera.com.ar\/web\/wp-content\/uploads\/2026\/01\/bb.jpg\" alt=\"\" width=\"1080\" height=\"1350\" srcset=\"https:\/\/infovera.com.ar\/web\/wp-content\/uploads\/2026\/01\/bb.jpg 1080w, https:\/\/infovera.com.ar\/web\/wp-content\/uploads\/2026\/01\/bb-336x420.jpg 336w, https:\/\/infovera.com.ar\/web\/wp-content\/uploads\/2026\/01\/bb-696x870.jpg 696w, https:\/\/infovera.com.ar\/web\/wp-content\/uploads\/2026\/01\/bb-1068x1335.jpg 1068w\" sizes=\"auto, (max-width: 1080px) 100vw, 1080px\" \/><\/a><\/p>\n<p>Una ciudad en silencio. Un plan oscuro para apagar la m\u00fasica. **Sing Song**, la villana del sonido, domina a trav\u00e9s del miedo.<\/p>\n<p>Pero cuando todo parec\u00eda perdido, la Reina de la ciudad hizo sonar un tambor\u2026 y el llamado despert\u00f3 a los superh\u00e9roes.<\/p>\n<p>La batalla fue \u00e9pica:<br \/>\nritmo contra oscuridad,<br \/>\nm\u00fasica contra silencio.<br \/>\nEl sonido volvi\u00f3 a latir<br \/>\ny la Reina fue coronada como<br \/>\n**SUPER BAMBITA**, guardiana eterna de la m\u00fasica.<\/p>\n<p>La victoria se celebra en Carnaval y nace la leyenda de la mejor scola de samba:<br \/>\n**La tricolor**.<\/p>\n<p><strong>\ud83c\udfad\ud83e\udd41 *Mientras haya tambor, el silencio no vencer\u00e1.*<\/strong><\/p>\n<p><strong><span style=\"color: #ff9900;\">3- PARAVERA<\/span><\/strong><br \/>\n<strong><span style=\"color: #ff9900;\">TEMA: EuroParavera<\/span><\/strong><a href=\"https:\/\/infovera.com.ar\/web\/wp-content\/uploads\/2026\/01\/pv.jpg\"><img loading=\"lazy\" decoding=\"async\" class=\"alignleft size-large wp-image-69403\" src=\"https:\/\/infovera.com.ar\/web\/wp-content\/uploads\/2026\/01\/pv.jpg\" alt=\"\" width=\"696\" height=\"870\" srcset=\"https:\/\/infovera.com.ar\/web\/wp-content\/uploads\/2026\/01\/pv.jpg 1080w, https:\/\/infovera.com.ar\/web\/wp-content\/uploads\/2026\/01\/pv-336x420.jpg 336w, https:\/\/infovera.com.ar\/web\/wp-content\/uploads\/2026\/01\/pv-696x870.jpg 696w, https:\/\/infovera.com.ar\/web\/wp-content\/uploads\/2026\/01\/pv-1068x1335.jpg 1068w\" sizes=\"auto, (max-width: 696px) 100vw, 696px\" \/><\/a><\/p>\n<p>PARAVER\u00c1 2026 nos va a proponer una aventura viajera. Partimos del aeropuerto con destino a la tierra de nuestros ancestros. Europa nos espera!<\/p>\n<p>Aterrizaremos, sin escalas, en el Aeropuerto de Madrid, Barajas.<\/p>\n<p>Luego de transitar Espa\u00f1a nos subimos al transfer y nos dirigiremos a Italia, Hungr\u00eda,<br \/>\nCroacia, Alemania, Francia, Pa\u00edses Bajos, Escocia y nos vamos hasta Rusia y al norte.Ser\u00e1<br \/>\nun inolvidable recorrido lleno de historia, cultura y costumbres.<\/p>\n<p>Vamos a disfrutar y conocer los lugares emblem\u00e1ticos de sus ciudades m\u00e1s importantes,<br \/>\nsus vestimentas t\u00edpicas, sus danzas y la Flor Nacional de cada Pa\u00eds.<\/p>\n<p>No somos una Agencia de Turismo, pero te vamos a llevar de viaje! De equipaje s\u00f3lo tienes que cargar tus cinco sentidos. El costo del pasaje s\u00f3lo ser\u00e1n los aplausos!<\/p>\n<p>No te olvides de cargar tu banderita verde amarilla y a subir al avi\u00f3n!!!!!<\/p>\n<p><strong>PARAVER\u00c1 2026 PRESENTA: \u201cEuroParaver\u00e1\u201d.<\/strong><\/p>\n<p><span style=\"color: #ff9900;\"><strong>4- UNIDOS DEL SAMBA<\/strong><\/span><br \/>\n<span style=\"color: #ff9900;\"><strong>TEMA: AMAZONAS &#8211; \u201cEl Latido verde de la Tierra\u201d<\/strong><\/span><\/p>\n<p><a href=\"https:\/\/infovera.com.ar\/web\/wp-content\/uploads\/2026\/01\/us.jpg\"><img loading=\"lazy\" decoding=\"async\" class=\"alignleft size-full wp-image-69407\" src=\"https:\/\/infovera.com.ar\/web\/wp-content\/uploads\/2026\/01\/us.jpg\" alt=\"\" width=\"1080\" height=\"1350\" srcset=\"https:\/\/infovera.com.ar\/web\/wp-content\/uploads\/2026\/01\/us.jpg 1080w, https:\/\/infovera.com.ar\/web\/wp-content\/uploads\/2026\/01\/us-336x420.jpg 336w, https:\/\/infovera.com.ar\/web\/wp-content\/uploads\/2026\/01\/us-696x870.jpg 696w, https:\/\/infovera.com.ar\/web\/wp-content\/uploads\/2026\/01\/us-1068x1335.jpg 1068w\" sizes=\"auto, (max-width: 1080px) 100vw, 1080px\" \/><\/a><\/p>\n<p>La selva despierta y el tambor late. Entramos en un universo misterioso y sagrado,<br \/>\ndonde cada color vibra, cada canto es un ritual y la naturaleza se convierte en pura fiesta.<\/p>\n<p>Este a\u00f1o viajamos al coraz\u00f3n de la selva m\u00e1s grande del planeta, un homenaje a su fuerza, a su magia y a la vida que la habita.<\/p>\n<p><span style=\"color: #ff9900;\"><strong>5- FERRUMB\u00c1<\/strong><\/span><br \/>\n<span style=\"color: #ff9900;\"><strong>Tema: \u201cVivo por ella. La victoria de la M\u00fasica\u201d<\/strong><\/span><\/p>\n<p><a href=\"https:\/\/infovera.com.ar\/web\/wp-content\/uploads\/2026\/01\/ferr.jpg\"><img loading=\"lazy\" decoding=\"async\" class=\"size-full wp-image-69402 aligncenter\" src=\"https:\/\/infovera.com.ar\/web\/wp-content\/uploads\/2026\/01\/ferr.jpg\" alt=\"\" width=\"1080\" height=\"1350\" srcset=\"https:\/\/infovera.com.ar\/web\/wp-content\/uploads\/2026\/01\/ferr.jpg 1080w, https:\/\/infovera.com.ar\/web\/wp-content\/uploads\/2026\/01\/ferr-336x420.jpg 336w, https:\/\/infovera.com.ar\/web\/wp-content\/uploads\/2026\/01\/ferr-696x870.jpg 696w, https:\/\/infovera.com.ar\/web\/wp-content\/uploads\/2026\/01\/ferr-1068x1335.jpg 1068w\" sizes=\"auto, (max-width: 1080px) 100vw, 1080px\" \/><\/a>La m\u00fasica es un viaje sin fronteras, una historia tejida en cada acorde, en cada baile, en<br \/>\ncada voz que resuena en las calles y en los corazones. Argentina ha sido cuna de ritmos<br \/>\nque han traspasado generaciones, desde los tambores ind\u00edgenas hasta los sonidos<br \/>\nelectr\u00f3nicos de la era moderna.<\/p>\n<p>Hoy, Ferrumb\u00e1 rendir\u00e1 homenaje a esta traves\u00eda musical, donde cada comp\u00e1s es un<br \/>\ntestimonio de nuestra identidad. Desde los tambores de nuestros ancestros hasta los beats<br \/>\nelectr\u00f3nicos que sacuden las calles, la m\u00fasica argentina es una historia viva, tejida en cada<br \/>\nacorde, en cada danza, en cada voz que resuena en nuestra tierra.<\/p>\n<p><strong><span style=\"color: #ff9900;\">6- AEROSAMBA<\/span><\/strong><br \/>\n<strong><span style=\"color: #ff9900;\">TEMA: \u201cEl \u00daltimo \u00c1rbol\u201d<\/span><\/strong><\/p>\n<p><a href=\"https:\/\/infovera.com.ar\/web\/wp-content\/uploads\/2026\/01\/as.jpg\"><img loading=\"lazy\" decoding=\"async\" class=\"alignleft size-full wp-image-69406\" src=\"https:\/\/infovera.com.ar\/web\/wp-content\/uploads\/2026\/01\/as.jpg\" alt=\"\" width=\"1080\" height=\"1350\" srcset=\"https:\/\/infovera.com.ar\/web\/wp-content\/uploads\/2026\/01\/as.jpg 1080w, https:\/\/infovera.com.ar\/web\/wp-content\/uploads\/2026\/01\/as-336x420.jpg 336w, https:\/\/infovera.com.ar\/web\/wp-content\/uploads\/2026\/01\/as-696x870.jpg 696w, https:\/\/infovera.com.ar\/web\/wp-content\/uploads\/2026\/01\/as-1068x1335.jpg 1068w\" sizes=\"auto, (max-width: 1080px) 100vw, 1080px\" \/><\/a><\/p>\n<p>Aerosamba presenta una alegor\u00eda ambientada en un futuro donde la deforestaci\u00f3n ha hecho desaparecer casi todos los bosques. La comparsa representa al \u00faltimo \u00e1rbol en pie, s\u00edmbolo de vida, resistencia y esperanza. La propuesta destaca la importancia vital de la naturaleza y convoca a los dioses como fuerza protectora para restaurar el equilibrio perdido.<\/p>\n<p>A trav\u00e9s de una pregunta central -\u00bfQu\u00e9 pasar\u00e1 cuando solo quede un \u00e1rbol?- Invita a reflexionar sobre el impacto humano y la responsabilidad colectiva de cuidar el planeta para que la vida contin\u00fae.<\/p>\n","protected":false},"excerpt":{"rendered":"<p>Faltan solo dos semanas para la noche inaugural de Vera, el Carnaval de Santa Fe. Las fechas confirmadas son 7, 14 y 21 de febrero. InfoVera presenta en exclusivo cada tema que pondr\u00e1n en escena las agrupaciones verenses. INVITAN Y ORGANIZAN: MEAT Sonido Profesional, MUTE SONIDO PROFESIONAL, MUNICIPALIDAD DE VERA GESTI\u00d3N MITRE, COMISI\u00d3N CARNAVAL DE [&hellip;]<\/p>\n","protected":false},"author":3,"featured_media":69408,"comment_status":"closed","ping_status":"closed","sticky":false,"template":"","format":"standard","meta":{"_joinchat":[],"footnotes":""},"categories":[53],"tags":[],"class_list":{"0":"post-69401","1":"post","2":"type-post","3":"status-publish","4":"format-standard","5":"has-post-thumbnail","7":"category-vera"},"_links":{"self":[{"href":"https:\/\/infovera.com.ar\/web\/wp-json\/wp\/v2\/posts\/69401","targetHints":{"allow":["GET"]}}],"collection":[{"href":"https:\/\/infovera.com.ar\/web\/wp-json\/wp\/v2\/posts"}],"about":[{"href":"https:\/\/infovera.com.ar\/web\/wp-json\/wp\/v2\/types\/post"}],"author":[{"embeddable":true,"href":"https:\/\/infovera.com.ar\/web\/wp-json\/wp\/v2\/users\/3"}],"replies":[{"embeddable":true,"href":"https:\/\/infovera.com.ar\/web\/wp-json\/wp\/v2\/comments?post=69401"}],"version-history":[{"count":0,"href":"https:\/\/infovera.com.ar\/web\/wp-json\/wp\/v2\/posts\/69401\/revisions"}],"wp:featuredmedia":[{"embeddable":true,"href":"https:\/\/infovera.com.ar\/web\/wp-json\/wp\/v2\/media\/69408"}],"wp:attachment":[{"href":"https:\/\/infovera.com.ar\/web\/wp-json\/wp\/v2\/media?parent=69401"}],"wp:term":[{"taxonomy":"category","embeddable":true,"href":"https:\/\/infovera.com.ar\/web\/wp-json\/wp\/v2\/categories?post=69401"},{"taxonomy":"post_tag","embeddable":true,"href":"https:\/\/infovera.com.ar\/web\/wp-json\/wp\/v2\/tags?post=69401"}],"curies":[{"name":"wp","href":"https:\/\/api.w.org\/{rel}","templated":true}]}}