{"id":69396,"date":"2026-01-26T11:08:43","date_gmt":"2026-01-26T14:08:43","guid":{"rendered":"https:\/\/infovera.com.ar\/web\/?p=69396"},"modified":"2026-01-27T08:24:35","modified_gmt":"2026-01-27T11:24:35","slug":"comienza-la-inscripcion-de-socios-de-la-vecinal-el-triangulo","status":"publish","type":"post","link":"https:\/\/infovera.com.ar\/web\/2026\/01\/26\/comienza-la-inscripcion-de-socios-de-la-vecinal-el-triangulo\/","title":{"rendered":"Comienza la inscripci\u00f3n de socios de la Vecinal \u201cEl Tri\u00e1ngulo\u201d"},"content":{"rendered":"<p><strong>Desde hoy 26\/01 y hasta el 26\/02, se realizar\u00e1 la asociaci\u00f3n de vecinos, que podr\u00e1n hacerlo los d\u00edas lunes, mi\u00e9rcoles y viernes de 8 a 12 h en la sede de la Vecinal, sita en calle Col\u00f3n N\u00b01145.<\/strong><\/p>\n<p>As\u00ed continuar\u00e1 el programa de intervenci\u00f3n de la vecinal:<\/p>\n<p>27\/02: Publicaci\u00f3n del cronograma electoral y convocatoria a asamblea, a trav\u00e9s de distintos medios de comunicaci\u00f3n.<\/p>\n<p>02\/03: Se encontrar\u00e1 disponible el padr\u00f3n para realizar observaciones, desde las 8:30 a 12:30 h en la sede de la Vecinal (Col\u00f3n N\u00b01145).<\/p>\n<p>03\/03: Presentaci\u00f3n de listas en los horarios de 8:30 a 12:30 h en la sede de la Vecinal (Col\u00f3n N\u00b01145).<\/p>\n<p>04\/03: Oficializaci\u00f3n de listas.<\/p>\n<p>05\/03: ASAMBLEA GENERAL Y ACTO ELECCIONARIO | 19:00 h en la sede de la Vecinal (Col\u00f3n N\u00b01145).<\/p>\n","protected":false},"excerpt":{"rendered":"<p>Desde hoy 26\/01 y hasta el 26\/02, se realizar\u00e1 la asociaci\u00f3n de vecinos, que podr\u00e1n hacerlo los d\u00edas lunes, mi\u00e9rcoles y viernes de 8 a 12 h en la sede de la Vecinal, sita en calle Col\u00f3n N\u00b01145. As\u00ed continuar\u00e1 el programa de intervenci\u00f3n de la vecinal: 27\/02: Publicaci\u00f3n del cronograma electoral y convocatoria a [&hellip;]<\/p>\n","protected":false},"author":3,"featured_media":69241,"comment_status":"closed","ping_status":"closed","sticky":false,"template":"","format":"standard","meta":{"_joinchat":[],"footnotes":""},"categories":[53],"tags":[],"class_list":{"0":"post-69396","1":"post","2":"type-post","3":"status-publish","4":"format-standard","5":"has-post-thumbnail","7":"category-vera"},"_links":{"self":[{"href":"https:\/\/infovera.com.ar\/web\/wp-json\/wp\/v2\/posts\/69396","targetHints":{"allow":["GET"]}}],"collection":[{"href":"https:\/\/infovera.com.ar\/web\/wp-json\/wp\/v2\/posts"}],"about":[{"href":"https:\/\/infovera.com.ar\/web\/wp-json\/wp\/v2\/types\/post"}],"author":[{"embeddable":true,"href":"https:\/\/infovera.com.ar\/web\/wp-json\/wp\/v2\/users\/3"}],"replies":[{"embeddable":true,"href":"https:\/\/infovera.com.ar\/web\/wp-json\/wp\/v2\/comments?post=69396"}],"version-history":[{"count":0,"href":"https:\/\/infovera.com.ar\/web\/wp-json\/wp\/v2\/posts\/69396\/revisions"}],"wp:featuredmedia":[{"embeddable":true,"href":"https:\/\/infovera.com.ar\/web\/wp-json\/wp\/v2\/media\/69241"}],"wp:attachment":[{"href":"https:\/\/infovera.com.ar\/web\/wp-json\/wp\/v2\/media?parent=69396"}],"wp:term":[{"taxonomy":"category","embeddable":true,"href":"https:\/\/infovera.com.ar\/web\/wp-json\/wp\/v2\/categories?post=69396"},{"taxonomy":"post_tag","embeddable":true,"href":"https:\/\/infovera.com.ar\/web\/wp-json\/wp\/v2\/tags?post=69396"}],"curies":[{"name":"wp","href":"https:\/\/api.w.org\/{rel}","templated":true}]}}