{"id":69393,"date":"2026-01-26T10:36:40","date_gmt":"2026-01-26T13:36:40","guid":{"rendered":"https:\/\/infovera.com.ar\/web\/?p=69393"},"modified":"2026-01-27T15:58:51","modified_gmt":"2026-01-27T18:58:51","slug":"hallaron-sin-vida-a-un-interno-en-la-alcaidia-verense","status":"publish","type":"post","link":"https:\/\/infovera.com.ar\/web\/2026\/01\/26\/hallaron-sin-vida-a-un-interno-en-la-alcaidia-verense\/","title":{"rendered":"Hallaron sin vida a un interno en la alcaid\u00eda verense"},"content":{"rendered":"<p>Un preso de 22 a\u00f1os, Mariano Joaqu\u00edn Maidana, fue encontrado sin vida en su celda de la alcaid\u00eda de la Unidad Regional XIX de Vera el s\u00e1bado 24 de enero.<\/p>\n<p>Maidana estaba detenido con prisi\u00f3n preventiva por delitos relacionados con violencia de g\u00e9nero..<\/p>\n<p>La fiscal\u00eda interviene para investigar las circunstancias del hecho, confirmado como un suicidio.<\/p>\n<p>&nbsp;<\/p>\n","protected":false},"excerpt":{"rendered":"<p>Un preso de 22 a\u00f1os, Mariano Joaqu\u00edn Maidana, fue encontrado sin vida en su celda de la alcaid\u00eda de la Unidad Regional XIX de Vera el s\u00e1bado 24 de enero. Maidana estaba detenido con prisi\u00f3n preventiva por delitos relacionados con violencia de g\u00e9nero.. La fiscal\u00eda interviene para investigar las circunstancias del hecho, confirmado como un [&hellip;]<\/p>\n","protected":false},"author":3,"featured_media":63436,"comment_status":"closed","ping_status":"closed","sticky":false,"template":"","format":"standard","meta":{"_joinchat":[],"footnotes":""},"categories":[30,53],"tags":[],"class_list":{"0":"post-69393","1":"post","2":"type-post","3":"status-publish","4":"format-standard","5":"has-post-thumbnail","7":"category-policiales","8":"category-vera"},"_links":{"self":[{"href":"https:\/\/infovera.com.ar\/web\/wp-json\/wp\/v2\/posts\/69393","targetHints":{"allow":["GET"]}}],"collection":[{"href":"https:\/\/infovera.com.ar\/web\/wp-json\/wp\/v2\/posts"}],"about":[{"href":"https:\/\/infovera.com.ar\/web\/wp-json\/wp\/v2\/types\/post"}],"author":[{"embeddable":true,"href":"https:\/\/infovera.com.ar\/web\/wp-json\/wp\/v2\/users\/3"}],"replies":[{"embeddable":true,"href":"https:\/\/infovera.com.ar\/web\/wp-json\/wp\/v2\/comments?post=69393"}],"version-history":[{"count":0,"href":"https:\/\/infovera.com.ar\/web\/wp-json\/wp\/v2\/posts\/69393\/revisions"}],"wp:featuredmedia":[{"embeddable":true,"href":"https:\/\/infovera.com.ar\/web\/wp-json\/wp\/v2\/media\/63436"}],"wp:attachment":[{"href":"https:\/\/infovera.com.ar\/web\/wp-json\/wp\/v2\/media?parent=69393"}],"wp:term":[{"taxonomy":"category","embeddable":true,"href":"https:\/\/infovera.com.ar\/web\/wp-json\/wp\/v2\/categories?post=69393"},{"taxonomy":"post_tag","embeddable":true,"href":"https:\/\/infovera.com.ar\/web\/wp-json\/wp\/v2\/tags?post=69393"}],"curies":[{"name":"wp","href":"https:\/\/api.w.org\/{rel}","templated":true}]}}