{"id":69387,"date":"2026-01-24T19:24:01","date_gmt":"2026-01-24T22:24:01","guid":{"rendered":"https:\/\/infovera.com.ar\/web\/?p=69387"},"modified":"2026-01-24T19:24:01","modified_gmt":"2026-01-24T22:24:01","slug":"la-comuna-de-la-gallareta-realizara-trabajos-de-mejorado-de-calles-y-obras-en-la-ruta-83s","status":"publish","type":"post","link":"https:\/\/infovera.com.ar\/web\/2026\/01\/24\/la-comuna-de-la-gallareta-realizara-trabajos-de-mejorado-de-calles-y-obras-en-la-ruta-83s\/","title":{"rendered":"La Comuna de La Gallareta realizar\u00e1 trabajos de mejorado de calles y obras en la Ruta 83s"},"content":{"rendered":"<p><strong>La Comuna de La Gallareta inform\u00f3 que el lunes 26 se llevar\u00e1n adelante diversos trabajos de infraestructura vial en distintos sectores de la localidad, con el objetivo de mejorar la transitabilidad y las condiciones de circulaci\u00f3n.<\/strong><\/p>\n<p>En el Barrio San Cayetano, se realizar\u00e1n tareas de perfilado y abovedado de calles, para luego proceder a la colocaci\u00f3n de material granulado. Desde la comuna solicitaron a los vecinos despejar los frentes de sus viviendas, a fin de facilitar el desarrollo de los trabajos.<\/p>\n<p>Por otra parte, en la Ruta Provincial 83s, se ejecutar\u00e1 una obra especial de extracci\u00f3n de suelo y colocaci\u00f3n de entubados sobre calzada natural. Debido a estas tareas, se recomend\u00f3 a los conductores circular con precauci\u00f3n, ya que durante la jornada podr\u00edan producirse demoras en el tr\u00e1nsito.<\/p>\n<p>Desde la gesti\u00f3n comunal agradecieron la comprensi\u00f3n de la comunidad y remarcaron que las obras forman parte del plan de mantenimiento y mejoramiento de la infraestructura local.<\/p>\n","protected":false},"excerpt":{"rendered":"<p>La Comuna de La Gallareta inform\u00f3 que el lunes 26 se llevar\u00e1n adelante diversos trabajos de infraestructura vial en distintos sectores de la localidad, con el objetivo de mejorar la transitabilidad y las condiciones de circulaci\u00f3n. En el Barrio San Cayetano, se realizar\u00e1n tareas de perfilado y abovedado de calles, para luego proceder a la [&hellip;]<\/p>\n","protected":false},"author":3,"featured_media":69388,"comment_status":"closed","ping_status":"closed","sticky":false,"template":"","format":"standard","meta":{"_joinchat":[],"footnotes":""},"categories":[51,29],"tags":[],"class_list":{"0":"post-69387","1":"post","2":"type-post","3":"status-publish","4":"format-standard","5":"has-post-thumbnail","7":"category-locales","8":"category-obras"},"_links":{"self":[{"href":"https:\/\/infovera.com.ar\/web\/wp-json\/wp\/v2\/posts\/69387","targetHints":{"allow":["GET"]}}],"collection":[{"href":"https:\/\/infovera.com.ar\/web\/wp-json\/wp\/v2\/posts"}],"about":[{"href":"https:\/\/infovera.com.ar\/web\/wp-json\/wp\/v2\/types\/post"}],"author":[{"embeddable":true,"href":"https:\/\/infovera.com.ar\/web\/wp-json\/wp\/v2\/users\/3"}],"replies":[{"embeddable":true,"href":"https:\/\/infovera.com.ar\/web\/wp-json\/wp\/v2\/comments?post=69387"}],"version-history":[{"count":0,"href":"https:\/\/infovera.com.ar\/web\/wp-json\/wp\/v2\/posts\/69387\/revisions"}],"wp:featuredmedia":[{"embeddable":true,"href":"https:\/\/infovera.com.ar\/web\/wp-json\/wp\/v2\/media\/69388"}],"wp:attachment":[{"href":"https:\/\/infovera.com.ar\/web\/wp-json\/wp\/v2\/media?parent=69387"}],"wp:term":[{"taxonomy":"category","embeddable":true,"href":"https:\/\/infovera.com.ar\/web\/wp-json\/wp\/v2\/categories?post=69387"},{"taxonomy":"post_tag","embeddable":true,"href":"https:\/\/infovera.com.ar\/web\/wp-json\/wp\/v2\/tags?post=69387"}],"curies":[{"name":"wp","href":"https:\/\/api.w.org\/{rel}","templated":true}]}}