{"id":69381,"date":"2026-01-24T19:11:39","date_gmt":"2026-01-24T22:11:39","guid":{"rendered":"https:\/\/infovera.com.ar\/web\/?p=69381"},"modified":"2026-01-24T19:11:39","modified_gmt":"2026-01-24T22:11:39","slug":"accidente-de-transito-en-calchaqui-un-motociclista-fue-derivado-a-reconquista","status":"publish","type":"post","link":"https:\/\/infovera.com.ar\/web\/2026\/01\/24\/accidente-de-transito-en-calchaqui-un-motociclista-fue-derivado-a-reconquista\/","title":{"rendered":"Accidente de tr\u00e1nsito en Calchaqu\u00ed: un motociclista fue derivado a Reconquista"},"content":{"rendered":"<p><strong>En la madrugada de este viernes, alrededor de las 05:30, personal policial de la Comisar\u00eda 2.\u00aa de Calchaqu\u00ed, dependiente de la Unidad Regional XIX, intervino en un accidente de tr\u00e1nsito ocurrido en la intersecci\u00f3n de calles 25 de Mayo y Sarmiento.<\/strong><\/p>\n<p>Por causas que se tratan de establecer, un motoveh\u00edculo marca Honda Wave, de color blanco y sin dominio visible, habr\u00eda derrapado. El rodado era conducido momentos antes por un hombre mayor de edad, quien result\u00f3 lesionado.<\/p>\n<p>El motociclista fue asistido y trasladado por el servicio de emergencias municipal al nosocomio local, donde fue examinado por el m\u00e9dico de turno. Posteriormente, debido a la complejidad de las lesiones, fue derivado a un centro de mayor complejidad de la ciudad de Reconquista.<\/p>\n<p>Se contin\u00faan con las diligencias de rigor y interviene el Ministerio P\u00fablico de la Acusaci\u00f3n (MPA).<\/p>\n","protected":false},"excerpt":{"rendered":"<p>En la madrugada de este viernes, alrededor de las 05:30, personal policial de la Comisar\u00eda 2.\u00aa de Calchaqu\u00ed, dependiente de la Unidad Regional XIX, intervino en un accidente de tr\u00e1nsito ocurrido en la intersecci\u00f3n de calles 25 de Mayo y Sarmiento. Por causas que se tratan de establecer, un motoveh\u00edculo marca Honda Wave, de color [&hellip;]<\/p>\n","protected":false},"author":3,"featured_media":41145,"comment_status":"closed","ping_status":"closed","sticky":false,"template":"","format":"standard","meta":{"_joinchat":[],"footnotes":""},"categories":[52,30],"tags":[],"class_list":{"0":"post-69381","1":"post","2":"type-post","3":"status-publish","4":"format-standard","5":"has-post-thumbnail","7":"category-calchaqui","8":"category-policiales"},"_links":{"self":[{"href":"https:\/\/infovera.com.ar\/web\/wp-json\/wp\/v2\/posts\/69381","targetHints":{"allow":["GET"]}}],"collection":[{"href":"https:\/\/infovera.com.ar\/web\/wp-json\/wp\/v2\/posts"}],"about":[{"href":"https:\/\/infovera.com.ar\/web\/wp-json\/wp\/v2\/types\/post"}],"author":[{"embeddable":true,"href":"https:\/\/infovera.com.ar\/web\/wp-json\/wp\/v2\/users\/3"}],"replies":[{"embeddable":true,"href":"https:\/\/infovera.com.ar\/web\/wp-json\/wp\/v2\/comments?post=69381"}],"version-history":[{"count":0,"href":"https:\/\/infovera.com.ar\/web\/wp-json\/wp\/v2\/posts\/69381\/revisions"}],"wp:featuredmedia":[{"embeddable":true,"href":"https:\/\/infovera.com.ar\/web\/wp-json\/wp\/v2\/media\/41145"}],"wp:attachment":[{"href":"https:\/\/infovera.com.ar\/web\/wp-json\/wp\/v2\/media?parent=69381"}],"wp:term":[{"taxonomy":"category","embeddable":true,"href":"https:\/\/infovera.com.ar\/web\/wp-json\/wp\/v2\/categories?post=69381"},{"taxonomy":"post_tag","embeddable":true,"href":"https:\/\/infovera.com.ar\/web\/wp-json\/wp\/v2\/tags?post=69381"}],"curies":[{"name":"wp","href":"https:\/\/api.w.org\/{rel}","templated":true}]}}