{"id":69378,"date":"2026-01-24T19:09:23","date_gmt":"2026-01-24T22:09:23","guid":{"rendered":"https:\/\/infovera.com.ar\/web\/?p=69378"},"modified":"2026-01-24T19:09:23","modified_gmt":"2026-01-24T22:09:23","slug":"dos-jovenes-fueron-aprehendidos-en-vera-con-una-garrafa-robada","status":"publish","type":"post","link":"https:\/\/infovera.com.ar\/web\/2026\/01\/24\/dos-jovenes-fueron-aprehendidos-en-vera-con-una-garrafa-robada\/","title":{"rendered":"Dos j\u00f3venes fueron aprehendidos en Vera con una garrafa robada"},"content":{"rendered":"<p><strong>En la madrugada de este viernes 24 de enero de 2026, personal de la Secci\u00f3n Comando Radioel\u00e9ctrico de la Unidad Regional XIX,<\/strong> con asiento en la ciudad de Vera, procedi\u00f3 a la aprehensi\u00f3n de dos j\u00f3venes mayores de edad, en el marco de un procedimiento preventivo.<\/p>\n<p>Seg\u00fan se inform\u00f3, los efectivos fueron alertados sobre la presencia de dos personas en actitud sospechosa en la v\u00eda p\u00fablica. Tras realizar patrullajes por la zona, lograron individualizar a los sujetos, de 24 y 20 a\u00f1os, quienes portaban una garrafa de 10 kilos y no pudieron justificar su procedencia, respondiendo con evasivas ante la consulta policial.<\/p>\n<p>Ambos fueron trasladados a sede policial, donde fueron examinados por el m\u00e9dico de turno y posteriormente alojados en la Secci\u00f3n Alcaid\u00eda, quedando a disposici\u00f3n de la justicia competente.<\/p>\n<p>Como resultado de las diligencias investigativas realizadas, se logr\u00f3 establecer al propietario de la garrafa, trat\u00e1ndose de un vecino de la ciudad, quien denunci\u00f3 haber sido v\u00edctima de la sustracci\u00f3n del elemento.<\/p>\n<p>Las actuaciones contin\u00faan con el objetivo de esclarecer totalmente el hecho.<\/p>\n","protected":false},"excerpt":{"rendered":"<p>En la madrugada de este viernes 24 de enero de 2026, personal de la Secci\u00f3n Comando Radioel\u00e9ctrico de la Unidad Regional XIX, con asiento en la ciudad de Vera, procedi\u00f3 a la aprehensi\u00f3n de dos j\u00f3venes mayores de edad, en el marco de un procedimiento preventivo. Seg\u00fan se inform\u00f3, los efectivos fueron alertados sobre la [&hellip;]<\/p>\n","protected":false},"author":3,"featured_media":69379,"comment_status":"closed","ping_status":"closed","sticky":false,"template":"","format":"standard","meta":{"_joinchat":[],"footnotes":""},"categories":[30,53],"tags":[],"class_list":{"0":"post-69378","1":"post","2":"type-post","3":"status-publish","4":"format-standard","5":"has-post-thumbnail","7":"category-policiales","8":"category-vera"},"_links":{"self":[{"href":"https:\/\/infovera.com.ar\/web\/wp-json\/wp\/v2\/posts\/69378","targetHints":{"allow":["GET"]}}],"collection":[{"href":"https:\/\/infovera.com.ar\/web\/wp-json\/wp\/v2\/posts"}],"about":[{"href":"https:\/\/infovera.com.ar\/web\/wp-json\/wp\/v2\/types\/post"}],"author":[{"embeddable":true,"href":"https:\/\/infovera.com.ar\/web\/wp-json\/wp\/v2\/users\/3"}],"replies":[{"embeddable":true,"href":"https:\/\/infovera.com.ar\/web\/wp-json\/wp\/v2\/comments?post=69378"}],"version-history":[{"count":0,"href":"https:\/\/infovera.com.ar\/web\/wp-json\/wp\/v2\/posts\/69378\/revisions"}],"wp:featuredmedia":[{"embeddable":true,"href":"https:\/\/infovera.com.ar\/web\/wp-json\/wp\/v2\/media\/69379"}],"wp:attachment":[{"href":"https:\/\/infovera.com.ar\/web\/wp-json\/wp\/v2\/media?parent=69378"}],"wp:term":[{"taxonomy":"category","embeddable":true,"href":"https:\/\/infovera.com.ar\/web\/wp-json\/wp\/v2\/categories?post=69378"},{"taxonomy":"post_tag","embeddable":true,"href":"https:\/\/infovera.com.ar\/web\/wp-json\/wp\/v2\/tags?post=69378"}],"curies":[{"name":"wp","href":"https:\/\/api.w.org\/{rel}","templated":true}]}}