{"id":69374,"date":"2026-01-24T18:00:42","date_gmt":"2026-01-24T21:00:42","guid":{"rendered":"https:\/\/infovera.com.ar\/web\/?p=69374"},"modified":"2026-01-26T17:46:40","modified_gmt":"2026-01-26T20:46:40","slug":"el-ultimo-adios-de-alhu-a-maxi-sanchez","status":"publish","type":"post","link":"https:\/\/infovera.com.ar\/web\/2026\/01\/24\/el-ultimo-adios-de-alhu-a-maxi-sanchez\/","title":{"rendered":"El \u00faltimo adi\u00f3s de Alh\u00fa a Maxi S\u00e1nchez"},"content":{"rendered":"<p><strong>El grupo musical despidi\u00f3 en redes a quien fuera su guitarrista y falleciera en las \u00faltimas horas.<\/strong><\/p>\n<p>Alh\u00fa brind\u00f3 el \u00faltimo adi\u00f3s a Maxi S\u00e1nchez: &#8220;Podrimos subir mil fotos y videos que tenemos juntos ,en \u00e9ste video ven lo pedazo de artista y m\u00fasico que sos! pero nosotros adem\u00e1s de eso disfrutamos de tu belleza como persona, solamente decirte muchas gracias por habernos brindado gran parte de tu vida, el vac\u00edo que dejas es inmenso no te das una idea, mucha fuerza y redenci\u00f3n para tu querida familia, que descanses en paz Maxi querido, te vamos a extra\u00f1ar much\u00edsimo mi mamucha&#8221;.<\/p>\n<div style=\"width: 696px;\" class=\"wp-video\"><video class=\"wp-video-shortcode\" id=\"video-69374-1\" width=\"696\" height=\"1237\" preload=\"metadata\" controls=\"controls\"><source type=\"video\/mp4\" src=\"https:\/\/infovera.com.ar\/web\/wp-content\/uploads\/2026\/01\/AQP6sMq8LxOEYkkucTnaBUzTogV6ZYabded_uX-HpiRAalebHmI4nmNnaoZypd_dcvKnilxFiSvtWPaPdaxVodFGMIqS9EkzAeTlvvo5pgb_6A.mp4?_=1\" \/><a href=\"https:\/\/infovera.com.ar\/web\/wp-content\/uploads\/2026\/01\/AQP6sMq8LxOEYkkucTnaBUzTogV6ZYabded_uX-HpiRAalebHmI4nmNnaoZypd_dcvKnilxFiSvtWPaPdaxVodFGMIqS9EkzAeTlvvo5pgb_6A.mp4\">https:\/\/infovera.com.ar\/web\/wp-content\/uploads\/2026\/01\/AQP6sMq8LxOEYkkucTnaBUzTogV6ZYabded_uX-HpiRAalebHmI4nmNnaoZypd_dcvKnilxFiSvtWPaPdaxVodFGMIqS9EkzAeTlvvo5pgb_6A.mp4<\/a><\/video><\/div>\n","protected":false},"excerpt":{"rendered":"<p>El grupo musical despidi\u00f3 en redes a quien fuera su guitarrista y falleciera en las \u00faltimas horas. Alh\u00fa brind\u00f3 el \u00faltimo adi\u00f3s a Maxi S\u00e1nchez: &#8220;Podrimos subir mil fotos y videos que tenemos juntos ,en \u00e9ste video ven lo pedazo de artista y m\u00fasico que sos! pero nosotros adem\u00e1s de eso disfrutamos de tu belleza [&hellip;]<\/p>\n","protected":false},"author":3,"featured_media":69413,"comment_status":"closed","ping_status":"closed","sticky":false,"template":"","format":"standard","meta":{"_joinchat":[],"footnotes":""},"categories":[42,53],"tags":[],"class_list":{"0":"post-69374","1":"post","2":"type-post","3":"status-publish","4":"format-standard","5":"has-post-thumbnail","7":"category-necrologicas","8":"category-vera"},"_links":{"self":[{"href":"https:\/\/infovera.com.ar\/web\/wp-json\/wp\/v2\/posts\/69374","targetHints":{"allow":["GET"]}}],"collection":[{"href":"https:\/\/infovera.com.ar\/web\/wp-json\/wp\/v2\/posts"}],"about":[{"href":"https:\/\/infovera.com.ar\/web\/wp-json\/wp\/v2\/types\/post"}],"author":[{"embeddable":true,"href":"https:\/\/infovera.com.ar\/web\/wp-json\/wp\/v2\/users\/3"}],"replies":[{"embeddable":true,"href":"https:\/\/infovera.com.ar\/web\/wp-json\/wp\/v2\/comments?post=69374"}],"version-history":[{"count":0,"href":"https:\/\/infovera.com.ar\/web\/wp-json\/wp\/v2\/posts\/69374\/revisions"}],"wp:featuredmedia":[{"embeddable":true,"href":"https:\/\/infovera.com.ar\/web\/wp-json\/wp\/v2\/media\/69413"}],"wp:attachment":[{"href":"https:\/\/infovera.com.ar\/web\/wp-json\/wp\/v2\/media?parent=69374"}],"wp:term":[{"taxonomy":"category","embeddable":true,"href":"https:\/\/infovera.com.ar\/web\/wp-json\/wp\/v2\/categories?post=69374"},{"taxonomy":"post_tag","embeddable":true,"href":"https:\/\/infovera.com.ar\/web\/wp-json\/wp\/v2\/tags?post=69374"}],"curies":[{"name":"wp","href":"https:\/\/api.w.org\/{rel}","templated":true}]}}