{"id":69367,"date":"2026-01-24T18:51:16","date_gmt":"2026-01-24T21:51:16","guid":{"rendered":"https:\/\/infovera.com.ar\/web\/?p=69367"},"modified":"2026-01-24T19:35:43","modified_gmt":"2026-01-24T22:35:43","slug":"micaela-gonzalez-debuta-con-la-delegacion-santafesina-en-cosquin","status":"publish","type":"post","link":"https:\/\/infovera.com.ar\/web\/2026\/01\/24\/micaela-gonzalez-debuta-con-la-delegacion-santafesina-en-cosquin\/","title":{"rendered":"Micaela Gonz\u00e1lez se presenta junto a la delegaci\u00f3n santafesina en Cosqu\u00edn"},"content":{"rendered":"<p><strong>La Delegaci\u00f3n Oficial de la provincia actuar\u00e1 este s\u00e1bado 24 de enero en la apertura del Festival Nacional de Folklore de Cosqu\u00edn con una obra que rinde tributo al Brigadier Estanislao L\u00f3pez. <\/strong><\/p>\n<p>El espect\u00e1culo reunir\u00e1 a m\u00e1s de 50 artistas en escena y contar\u00e1 con la participaci\u00f3n central de Juan Carlos Baglietto. \u201cElegimos poner en juego un mensaje pol\u00edtico sobre el escenario\u201d, afirm\u00f3 la ministra de Cultura, Susana Rueda.<\/p>\n<p><strong>Desde Cosqu\u00edn, Micaela Gonz\u00e1lez, que integra el ballet oficial de Santa Fe dijo a InfoVera<\/strong> que tuvieron el ensayo principal en el escenario mayor a las 15 de este s\u00e1bado y que se presume que bailen a la 1 de la madrugada.<\/p>\n<p>Mica es la \u00fanica representante del departamento Vera en la Delegaci\u00f3n, pertenece al Ballet Meraki, de Vera. En total, son 5 los bailarines del norte. Y<strong>a integr\u00f3 en otra oportunidad el elenco provincial.\u00a0<\/strong><\/p>\n<p><strong>Elenco oficial<\/strong><\/p>\n<p>El cuerpo de danza oficial para Cosqu\u00edn 2026 est\u00e1 conformado por Melany Oviedo, Luc\u00eda Rojas, Ana In\u00e9s Vera, Fiorella Su\u00e1rez Mentil<strong>, Micaela Gonz\u00e1lez,<\/strong> Araceli Merlo, Gimena Strina, Natalia Bussi, Magal\u00ed Rizzo, Georgina Mazzucchelli, Julieta Decolatti, Amorela Araya, Roc\u00edo Pe\u00f1aloza, Gisel Badero, Claudia Sanabria, Luc\u00eda Midulla Carnota, Karina Seisas, Jaqueline Aguirre, Laura Midulla, Elina Cavallin, Diego Agust\u00edn Devechi, Franco Noguera, Mat\u00edas Moreno, Jerem\u00edas Quinteros, Juli\u00e1n Nicol\u00e1s Asencio, Atahualpa Ben\u00edtez, Mat\u00edas Forconi, Joaqu\u00edn Frutos, Gabriel Oliva, Francisco Caravario, Esteban Nazara, Fernando Mart\u00ednez, Luciano Almada, Claudio Chirino, Marcio Pereyra, Leandro Ojeda, Uriel Roch, Cristian Rodr\u00edguez, Joaqu\u00edn Navarro y Franco Bracco.<\/p>\n<p><strong>Santa Fe representada<\/strong><\/p>\n<p>\u201cHay mucho talento santafesino sobre el escenario\u201d, destac\u00f3 Rueda, quien record\u00f3 que el cuerpo de danza se conform\u00f3 a partir de una convocatoria abierta realizada en octubre en cinco localidades de la provincia, a la que se presentaron m\u00e1s de 400 postulantes. \u201cLo mejor de cada lugar va a estar en el escenario mayor de Cosqu\u00edn, con un mensaje y un homenaje al Brigadier L\u00f3pez, una figura que ha sido relegada por la historia, como tantos caudillos federales que sostuvieron una postura pol\u00edtica dif\u00edcil en su tiempo y que hoy vuelve a ser compleja: el federalismo. Elegimos poner en juego un mensaje pol\u00edtico sobre el escenario. A los bailarines y bailarinas les decimos que ellos son el pueblo de Santa Fe representado en Cosqu\u00edn\u201d.<\/p>\n<p>En relaci\u00f3n con el entramado cultural de la provincia, la ministra subray\u00f3 que \u201cSanta Fe es un semillero de talento, con una diversidad cultural que acompa\u00f1a el paisaje, la producci\u00f3n y la identidad de cada regi\u00f3n\u201d, y mencion\u00f3 la multiplicidad de festivales y celebraciones populares que atraviesan el territorio a lo largo del a\u00f1o.<\/p>\n<p><a href=\"https:\/\/infovera.com.ar\/web\/wp-content\/uploads\/2026\/01\/mica-1.jpg\"><img loading=\"lazy\" decoding=\"async\" class=\"alignleft size-full wp-image-69369\" src=\"https:\/\/infovera.com.ar\/web\/wp-content\/uploads\/2026\/01\/mica-1.jpg\" alt=\"\" width=\"1200\" height=\"1600\" srcset=\"https:\/\/infovera.com.ar\/web\/wp-content\/uploads\/2026\/01\/mica-1.jpg 1200w, https:\/\/infovera.com.ar\/web\/wp-content\/uploads\/2026\/01\/mica-1-315x420.jpg 315w, https:\/\/infovera.com.ar\/web\/wp-content\/uploads\/2026\/01\/mica-1-696x928.jpg 696w, https:\/\/infovera.com.ar\/web\/wp-content\/uploads\/2026\/01\/mica-1-1068x1424.jpg 1068w\" sizes=\"auto, (max-width: 1200px) 100vw, 1200px\" \/><\/a> <a href=\"https:\/\/infovera.com.ar\/web\/wp-content\/uploads\/2026\/01\/mica-2.jpg\"><img loading=\"lazy\" decoding=\"async\" class=\"alignleft size-large wp-image-69370\" src=\"https:\/\/infovera.com.ar\/web\/wp-content\/uploads\/2026\/01\/mica-2.jpg\" alt=\"\" width=\"696\" height=\"928\" srcset=\"https:\/\/infovera.com.ar\/web\/wp-content\/uploads\/2026\/01\/mica-2.jpg 1200w, https:\/\/infovera.com.ar\/web\/wp-content\/uploads\/2026\/01\/mica-2-315x420.jpg 315w, https:\/\/infovera.com.ar\/web\/wp-content\/uploads\/2026\/01\/mica-2-696x928.jpg 696w, https:\/\/infovera.com.ar\/web\/wp-content\/uploads\/2026\/01\/mica-2-1068x1424.jpg 1068w\" sizes=\"auto, (max-width: 696px) 100vw, 696px\" \/><\/a><\/p>\n<p>&nbsp;<\/p>\n","protected":false},"excerpt":{"rendered":"<p>La Delegaci\u00f3n Oficial de la provincia actuar\u00e1 este s\u00e1bado 24 de enero en la apertura del Festival Nacional de Folklore de Cosqu\u00edn con una obra que rinde tributo al Brigadier Estanislao L\u00f3pez. El espect\u00e1culo reunir\u00e1 a m\u00e1s de 50 artistas en escena y contar\u00e1 con la participaci\u00f3n central de Juan Carlos Baglietto. \u201cElegimos poner en [&hellip;]<\/p>\n","protected":false},"author":3,"featured_media":69368,"comment_status":"closed","ping_status":"closed","sticky":false,"template":"","format":"standard","meta":{"_joinchat":[],"footnotes":""},"categories":[56],"tags":[],"class_list":{"0":"post-69367","1":"post","2":"type-post","3":"status-publish","4":"format-standard","5":"has-post-thumbnail","7":"category-destacados"},"_links":{"self":[{"href":"https:\/\/infovera.com.ar\/web\/wp-json\/wp\/v2\/posts\/69367","targetHints":{"allow":["GET"]}}],"collection":[{"href":"https:\/\/infovera.com.ar\/web\/wp-json\/wp\/v2\/posts"}],"about":[{"href":"https:\/\/infovera.com.ar\/web\/wp-json\/wp\/v2\/types\/post"}],"author":[{"embeddable":true,"href":"https:\/\/infovera.com.ar\/web\/wp-json\/wp\/v2\/users\/3"}],"replies":[{"embeddable":true,"href":"https:\/\/infovera.com.ar\/web\/wp-json\/wp\/v2\/comments?post=69367"}],"version-history":[{"count":0,"href":"https:\/\/infovera.com.ar\/web\/wp-json\/wp\/v2\/posts\/69367\/revisions"}],"wp:featuredmedia":[{"embeddable":true,"href":"https:\/\/infovera.com.ar\/web\/wp-json\/wp\/v2\/media\/69368"}],"wp:attachment":[{"href":"https:\/\/infovera.com.ar\/web\/wp-json\/wp\/v2\/media?parent=69367"}],"wp:term":[{"taxonomy":"category","embeddable":true,"href":"https:\/\/infovera.com.ar\/web\/wp-json\/wp\/v2\/categories?post=69367"},{"taxonomy":"post_tag","embeddable":true,"href":"https:\/\/infovera.com.ar\/web\/wp-json\/wp\/v2\/tags?post=69367"}],"curies":[{"name":"wp","href":"https:\/\/api.w.org\/{rel}","templated":true}]}}