{"id":69286,"date":"2026-01-21T16:22:13","date_gmt":"2026-01-21T19:22:13","guid":{"rendered":"https:\/\/infovera.com.ar\/web\/?p=69286"},"modified":"2026-01-22T09:35:19","modified_gmt":"2026-01-22T12:35:19","slug":"fuerte-contrapunto-entre-rubianes-y-moral-con-barbona-por-la-negativa-a-sesionar-desde-brasil","status":"publish","type":"post","link":"https:\/\/infovera.com.ar\/web\/2026\/01\/21\/fuerte-contrapunto-entre-rubianes-y-moral-con-barbona-por-la-negativa-a-sesionar-desde-brasil\/","title":{"rendered":"Fuerte contrapunto entre Rubianes y Moral con Barbona por la negativa a sesionar desde Brasil"},"content":{"rendered":"<p><strong>El Concejo Municipal de Vera sesion\u00f3 en extraordinarias para tratar (y aprobar finalmente) dos proyectos de ordenanza del Ejecutivo para la adquisici\u00f3n de maquinarias con el Fondo de Obras Menores y la firma del un convenio con Vialidad Provincial para la reparaci\u00f3n de rutas de calzada natural del distrito.<\/strong><\/p>\n<p>Una vez que concluy\u00f3 el debate sobre esas propuestas que fueron aprobadas por unanimidad, los ediles oficialistas Marcos Rubianes y Federico Moral pidieron la palabra para expresar sus cr\u00edticas a la decisi\u00f3n de sus pares de no permitirles sesionar desde Brasil, en forma remota, donde estaban vacacionando.<\/p>\n<p>El primero en expedirse fue Rubianes, que sostuvo con firmeza que el reglamento vigente permite participar de sesiones en forma virtual; luego Moral se\u00f1al\u00f3 con dureza a Barbona por &#8220;tomar este tema con liviandad&#8221;. El titular del Cuerpo les retruc\u00f3 que &#8220;son funcionarios p\u00fablicos en relaci\u00f3n de dependencia&#8221; y que deben allanarse a los mandatos legales vigentes. Dirigi\u00e9ndose a Rubianes, le espet\u00f3: &#8220;Usted ten\u00eda que haber informado (que se iba de vacaciones), porque usted pertenece al Poder Legislativo local. Es empleado del Poder Legislativo y es un trabajador en relaci\u00f3n de dependencia. Por lo tanto, en los cuatro a\u00f1os que dur\u00f3 su mandato, usted se debe a este Cuerpo. Y la autoridad de este Cuerpo, en este momento, somos el secretario y el presidente. Eso era nada m\u00e1s para aclararle&#8221;.<\/p>\n<p data-start=\"569\" data-end=\"887\">Rubianes respondi\u00f3: &#8220;\u00b7Me parece que me apegu\u00e9 a las normativas que yo le solicitaba. Yo tambi\u00e9n me apegu\u00e9 a las normativas. Yo estaba haciendo uso de mi licencia y quer\u00eda estar en la sesi\u00f3n, se\u00f1or presidente. Y el reglamento me lo permit\u00eda y no me dej\u00f3. Eso es lo que estamos planteando&#8221;.<\/p>\n<p data-start=\"1355\" data-end=\"1649\">A su turno, Moral acus\u00f3: &#8220;Siento que usted tom\u00f3 con una liviandad que no era responsable realizar una reuni\u00f3n por Zoom o por medios digitales. Mi compromiso con la comunidad de Vera siempre es con responsabilidad. Y si nosotros pedimos en su momento tener una participaci\u00f3n es porque, m\u00e1s all\u00e1 de que estamos en vacaciones, sabemos que es una responsabilidad. Y como usted dice, siempre por el lado de la ley, nunca por fuera de la ley. Usted tiene la facultad y este Cuerpo tiene independencia y es aut\u00f3nomo, y decide por s\u00ed solo, pero a la vez tiene un reglamento&#8221;.<\/p>\n<p data-start=\"2076\" data-end=\"2511\">Y prosigui\u00f3: &#8220;Y creo que queda bien claro lo que expresa el reglamento: que durante el per\u00edodo de sesiones extraordinarias se debe informar. Y no me olvido, como lo manifest\u00e9 en una comisi\u00f3n, muy pocas veces me olvido de alguna reuni\u00f3n tan importante como son las del Concejo Deliberante para m\u00ed. De todas las sesiones, usted dijo que hab\u00eda que estar a disposici\u00f3n. Yo estuve a disposici\u00f3n de este Concejo Deliberante&#8221;.<\/p>\n<p data-start=\"2513\" data-end=\"2754\">El contrapunto fue cerrado por Rubianes: &#8220;Ped\u00ed la participaci\u00f3n la semana pasada, la cual fue negada, pero quiero aclarar esto. Seg\u00fan lo que establece el reglamento, no hubo error. Pido disculpas a la comunidad de Vera\u00a0 si comet\u00ed una falta, pero yo me reg\u00ed mediante el reglamento. Solamente eso, y no quiero agrandar m\u00e1s ni poner m\u00e1s. No son justificativos, son aclaraciones nada m\u00e1s&#8221;.<\/p>\n","protected":false},"excerpt":{"rendered":"<p>El Concejo Municipal de Vera sesion\u00f3 en extraordinarias para tratar (y aprobar finalmente) dos proyectos de ordenanza del Ejecutivo para la adquisici\u00f3n de maquinarias con el Fondo de Obras Menores y la firma del un convenio con Vialidad Provincial para la reparaci\u00f3n de rutas de calzada natural del distrito. Una vez que concluy\u00f3 el debate [&hellip;]<\/p>\n","protected":false},"author":3,"featured_media":69288,"comment_status":"closed","ping_status":"closed","sticky":false,"template":"","format":"standard","meta":{"_joinchat":[],"footnotes":""},"categories":[53],"tags":[],"class_list":{"0":"post-69286","1":"post","2":"type-post","3":"status-publish","4":"format-standard","5":"has-post-thumbnail","7":"category-vera"},"_links":{"self":[{"href":"https:\/\/infovera.com.ar\/web\/wp-json\/wp\/v2\/posts\/69286","targetHints":{"allow":["GET"]}}],"collection":[{"href":"https:\/\/infovera.com.ar\/web\/wp-json\/wp\/v2\/posts"}],"about":[{"href":"https:\/\/infovera.com.ar\/web\/wp-json\/wp\/v2\/types\/post"}],"author":[{"embeddable":true,"href":"https:\/\/infovera.com.ar\/web\/wp-json\/wp\/v2\/users\/3"}],"replies":[{"embeddable":true,"href":"https:\/\/infovera.com.ar\/web\/wp-json\/wp\/v2\/comments?post=69286"}],"version-history":[{"count":0,"href":"https:\/\/infovera.com.ar\/web\/wp-json\/wp\/v2\/posts\/69286\/revisions"}],"wp:featuredmedia":[{"embeddable":true,"href":"https:\/\/infovera.com.ar\/web\/wp-json\/wp\/v2\/media\/69288"}],"wp:attachment":[{"href":"https:\/\/infovera.com.ar\/web\/wp-json\/wp\/v2\/media?parent=69286"}],"wp:term":[{"taxonomy":"category","embeddable":true,"href":"https:\/\/infovera.com.ar\/web\/wp-json\/wp\/v2\/categories?post=69286"},{"taxonomy":"post_tag","embeddable":true,"href":"https:\/\/infovera.com.ar\/web\/wp-json\/wp\/v2\/tags?post=69286"}],"curies":[{"name":"wp","href":"https:\/\/api.w.org\/{rel}","templated":true}]}}