{"id":68576,"date":"2025-12-17T12:26:50","date_gmt":"2025-12-17T15:26:50","guid":{"rendered":"https:\/\/infovera.com.ar\/web\/?p=68576"},"modified":"2025-12-17T12:26:50","modified_gmt":"2025-12-17T15:26:50","slug":"pullaro-firma-el-decreto-para-cubrir-vacantes-en-la-corte-y-tribunal-de-cuentas","status":"publish","type":"post","link":"https:\/\/infovera.com.ar\/web\/2025\/12\/17\/pullaro-firma-el-decreto-para-cubrir-vacantes-en-la-corte-y-tribunal-de-cuentas\/","title":{"rendered":"Pullaro firma el decreto para cubrir vacantes en la Corte y Tribunal de Cuentas"},"content":{"rendered":"<p><strong>Con la firma del decreto respectivo, el Poder Ejecutivo activa este mi\u00e9rcoles el mecanismo que permitir\u00e1, dentro de algunas semanas, el env\u00edo material de los pliegos a la Legislatura para cubrir tres vacantes en la Corte Suprema de Justicia.<\/strong><\/p>\n<p>Los nombres de los postulantes fueron confirmados por fuentes oficiales a este diario: Aldo Alurralde, juez federal de Reconquista; Diego Maciel, actual Secretario Administrativo de la C\u00e1mara de Senadores; y Jorgelina Genghini, abogada rosarina e integrante de Federaci\u00f3n Argentina de Colegios de Abogados.<\/p>\n<p>&#8220;Colegios, jueces y pol\u00edtica; centro, norte y sur&#8221;. Esos fueron los criterios adoptados por la Casa Gris a la hora de definir los nombres. Genghini por los Colegios de profesionales; Alurralde por los magistrados y Maciel por la arena pol\u00edtica. En cuanto a la representatividad geogr\u00e1fica, la mujer responde al sur, el juez federal a Reconquista en tanto que el referente radical (Maciel) es oriundo de la ciudad de Esperanza.<\/p>\n<p>Los propuestos reemplazar\u00e1n a Eduardo Spuler, Roberto Falistocco y Rafael Guti\u00e9rrez. Todos anunciaron su retiro pero a partir de setiembre y noviembre del a\u00f1o que viene.<\/p>\n<p><strong>Mecanismo<\/strong><\/p>\n<p>El decreto que est\u00e1 a la firma del gobernador expone los tres nombres elegidos para cubrir las vacantes, y activa un per\u00edodo de quince d\u00edas corridos para que se presenten adhesiones o impugnaciones. De ese modo se llega a principios de enero de 2026, instancia en la que el Ejecutivo podr\u00e1 ingresar el expediente de manera formal a la Legislatura, con las eventuales adhesiones e impugnaciones recibidas.<\/p>\n<p>El tr\u00e1mite contin\u00faa en la Comisi\u00f3n de Acuerdos que deber\u00e1 evaluar los antecedentes y documentaci\u00f3n remitida, y entrevistar a los propuestos.\u00a0Posteriormente \u2013 en marzo, se estima-, la Asamblea Legislativa deber\u00e1 tratar los pliegos para su convalidaci\u00f3n.<br \/>\nLas asunciones, de todos modos, se producir\u00e1n cuando se hayan consumado las renuncias de los ministros salientes.<\/p>\n<p><strong>Tribunal<\/strong><\/p>\n<p>En las pr\u00f3ximas horas, el Poder Ejecutivo tambi\u00e9n remitir\u00e1 a la Legislatura el pliego correspondiente para cubrir una vacante en el Tribunal de Cuentas. En este caso, propondr\u00e1 a Adriana Molina, ex presidenta del Concejo Municipal de Santa Fe. De ser aprobado por la Legislatura, reemplazar\u00e1 en el cargo a Lisandro Villar, quien renunciara como vocal del organismo de control para asumir como vice ministro de Desarrollo Social de la provincia.<\/p>\n","protected":false},"excerpt":{"rendered":"<p>Con la firma del decreto respectivo, el Poder Ejecutivo activa este mi\u00e9rcoles el mecanismo que permitir\u00e1, dentro de algunas semanas, el env\u00edo material de los pliegos a la Legislatura para cubrir tres vacantes en la Corte Suprema de Justicia. Los nombres de los postulantes fueron confirmados por fuentes oficiales a este diario: Aldo Alurralde, juez [&hellip;]<\/p>\n","protected":false},"author":3,"featured_media":42542,"comment_status":"closed","ping_status":"closed","sticky":false,"template":"","format":"standard","meta":{"_joinchat":[],"footnotes":""},"categories":[60],"tags":[],"class_list":{"0":"post-68576","1":"post","2":"type-post","3":"status-publish","4":"format-standard","5":"has-post-thumbnail","7":"category-provinciales"},"_links":{"self":[{"href":"https:\/\/infovera.com.ar\/web\/wp-json\/wp\/v2\/posts\/68576","targetHints":{"allow":["GET"]}}],"collection":[{"href":"https:\/\/infovera.com.ar\/web\/wp-json\/wp\/v2\/posts"}],"about":[{"href":"https:\/\/infovera.com.ar\/web\/wp-json\/wp\/v2\/types\/post"}],"author":[{"embeddable":true,"href":"https:\/\/infovera.com.ar\/web\/wp-json\/wp\/v2\/users\/3"}],"replies":[{"embeddable":true,"href":"https:\/\/infovera.com.ar\/web\/wp-json\/wp\/v2\/comments?post=68576"}],"version-history":[{"count":0,"href":"https:\/\/infovera.com.ar\/web\/wp-json\/wp\/v2\/posts\/68576\/revisions"}],"wp:featuredmedia":[{"embeddable":true,"href":"https:\/\/infovera.com.ar\/web\/wp-json\/wp\/v2\/media\/42542"}],"wp:attachment":[{"href":"https:\/\/infovera.com.ar\/web\/wp-json\/wp\/v2\/media?parent=68576"}],"wp:term":[{"taxonomy":"category","embeddable":true,"href":"https:\/\/infovera.com.ar\/web\/wp-json\/wp\/v2\/categories?post=68576"},{"taxonomy":"post_tag","embeddable":true,"href":"https:\/\/infovera.com.ar\/web\/wp-json\/wp\/v2\/tags?post=68576"}],"curies":[{"name":"wp","href":"https:\/\/api.w.org\/{rel}","templated":true}]}}