{"id":68571,"date":"2025-12-17T12:14:48","date_gmt":"2025-12-17T15:14:48","guid":{"rendered":"https:\/\/infovera.com.ar\/web\/?p=68571"},"modified":"2025-12-17T21:44:18","modified_gmt":"2025-12-18T00:44:18","slug":"inversion-superior-a-los-200-millones-para-mejorar-las-trazas-de-la-ruta-83s-y-284","status":"publish","type":"post","link":"https:\/\/infovera.com.ar\/web\/2025\/12\/17\/inversion-superior-a-los-200-millones-para-mejorar-las-trazas-de-la-ruta-83s-y-284\/","title":{"rendered":"Inversi\u00f3n superior a los $ 200 millones para mejorar las trazas de las rutas 83S y 284"},"content":{"rendered":"<p><strong>Despu\u00e9s de varias gestiones ante Vialidad Provincial, el presidente comunal de La Gallareta anunci\u00f3 la consecuci\u00f3n de fondos para obras viales.<\/strong><\/p>\n<p>Fernando Nicola mantuvo una reuni\u00f3n con el administrador del organismo Pablo Seghezzo, en la que se acord\u00f3 fondos por m\u00e1s de $ 208.000.000 para mejorar los caminos de calzadas natural en Ruta 83S y Ruta Provincial 284<\/p>\n<p>&#8220;Estas obras son un gran logro para nuestra comunidad, ya que garantizar\u00e1n una mejor calidad de vida para nuestros vecinos de zona rural y permitir\u00e1n una salida m\u00e1s eficiente de nuestra producci\u00f3n&#8221;, celebr\u00f3 Nicola.<\/p>\n","protected":false},"excerpt":{"rendered":"<p>Despu\u00e9s de varias gestiones ante Vialidad Provincial, el presidente comunal de La Gallareta anunci\u00f3 la consecuci\u00f3n de fondos para obras viales. Fernando Nicola mantuvo una reuni\u00f3n con el administrador del organismo Pablo Seghezzo, en la que se acord\u00f3 fondos por m\u00e1s de $ 208.000.000 para mejorar los caminos de calzadas natural en Ruta 83S y [&hellip;]<\/p>\n","protected":false},"author":3,"featured_media":68574,"comment_status":"closed","ping_status":"closed","sticky":false,"template":"","format":"standard","meta":{"_joinchat":[],"footnotes":""},"categories":[51,29],"tags":[],"class_list":{"0":"post-68571","1":"post","2":"type-post","3":"status-publish","4":"format-standard","5":"has-post-thumbnail","7":"category-locales","8":"category-obras"},"_links":{"self":[{"href":"https:\/\/infovera.com.ar\/web\/wp-json\/wp\/v2\/posts\/68571","targetHints":{"allow":["GET"]}}],"collection":[{"href":"https:\/\/infovera.com.ar\/web\/wp-json\/wp\/v2\/posts"}],"about":[{"href":"https:\/\/infovera.com.ar\/web\/wp-json\/wp\/v2\/types\/post"}],"author":[{"embeddable":true,"href":"https:\/\/infovera.com.ar\/web\/wp-json\/wp\/v2\/users\/3"}],"replies":[{"embeddable":true,"href":"https:\/\/infovera.com.ar\/web\/wp-json\/wp\/v2\/comments?post=68571"}],"version-history":[{"count":0,"href":"https:\/\/infovera.com.ar\/web\/wp-json\/wp\/v2\/posts\/68571\/revisions"}],"wp:featuredmedia":[{"embeddable":true,"href":"https:\/\/infovera.com.ar\/web\/wp-json\/wp\/v2\/media\/68574"}],"wp:attachment":[{"href":"https:\/\/infovera.com.ar\/web\/wp-json\/wp\/v2\/media?parent=68571"}],"wp:term":[{"taxonomy":"category","embeddable":true,"href":"https:\/\/infovera.com.ar\/web\/wp-json\/wp\/v2\/categories?post=68571"},{"taxonomy":"post_tag","embeddable":true,"href":"https:\/\/infovera.com.ar\/web\/wp-json\/wp\/v2\/tags?post=68571"}],"curies":[{"name":"wp","href":"https:\/\/api.w.org\/{rel}","templated":true}]}}