{"id":68567,"date":"2025-12-17T11:33:36","date_gmt":"2025-12-17T14:33:36","guid":{"rendered":"https:\/\/infovera.com.ar\/web\/?p=68567"},"modified":"2025-12-17T17:21:16","modified_gmt":"2025-12-17T20:21:16","slug":"acuerdo-santa-fe-hasta-30-de-descuento-y-financiacion-para-comprar-muebles","status":"publish","type":"post","link":"https:\/\/infovera.com.ar\/web\/2025\/12\/17\/acuerdo-santa-fe-hasta-30-de-descuento-y-financiacion-para-comprar-muebles\/","title":{"rendered":"Acuerdo Santa Fe: hasta 30 % de descuento y financiaci\u00f3n para comprar muebles"},"content":{"rendered":"<p><strong>La iniciativa impulsada por el Gobierno santafesino suma comercios de toda la provincia con descuentos y cuotas accesibles, promoviendo el consumo y las compras locales. \u201cEl sector del mueble tiene un enorme potencial productivo y un fuerte anclaje territorial. Con este acuerdo buscamos acercar herramientas concretas tanto a los comercios como a los consumidores\u201d, se\u00f1al\u00f3 el secretario de Comercio Interior y Servicios, Gustavo Rezzoaglio.<\/strong><\/p>\n<p>El Gobierno Provincial, a trav\u00e9s del Ministerio de Desarrollo Productivo que lidera Gustavo Puccini, present\u00f3 una nueva etapa del programa Acuerdo Santa Fe, orientada en esta oportunidad a la compra de muebles fabricados en la provincia. Esta iniciativa tiene por objetivo dinamizar el consumo, fortalecer el comercio local y acompa\u00f1ar a la industria y a los consumidores santafesinos.La presentaci\u00f3n se realiz\u00f3 esta semana en Ca\u00f1ada de G\u00f3mez, uno de los principales polos productivos del rubro, y continuar\u00e1 hoy en Esperanza, el 18 en Rosario y el 22 en la ciudad de Santa Fe.<\/p>\n<p>Desde la Secretar\u00eda de Comercio Interior y Servicios, su titular Gustavo Rezzoaglio explic\u00f3 que \u201cAcuerdo Santa Fe es una pol\u00edtica pensada para establecer precios de referencia, generar planes de financiamiento y dise\u00f1ar estrategias de comercializaci\u00f3n que fortalezcan el entramado comercial y productivo santafesino\u201d.<\/p>\n<p>\u201cEl sector del mueble tiene un enorme potencial productivo y un fuerte anclaje territorial. Con este acuerdo buscamos acercar herramientas concretas tanto a los comercios como a los consumidores\u201d, agreg\u00f3.<\/p>\n<p>Esta nueva l\u00ednea del programa ya tiene adheridas m\u00e1s de 30 muebler\u00edas que aportan descuentos que alcanzan hasta el 30 % -puede ser m\u00e1s en algunos casos-, mientras que las entidades financieras asociadas (Billetera Santa Fe, Banco Santa Fe, Banco Municipal de Rosario, Banco Macro y Banco Naci\u00f3n) suman herramientas de financiaci\u00f3n con cuotas sin inter\u00e9s o con tasas muy accesibles. Los comercios adheridos son de las localidades de Arroyo Seco, Ca\u00f1ada G\u00f3mez, Carcara\u00f1\u00e1, Carlos Pellegrini, El Tr\u00e9bol, Esperanza, Funes, Rosario, San Jorge, San Lorenzo, Santa Fe, Villa Constituci\u00f3n y Venado Tuerto. Las muebler\u00edas que forman parte del programa y los beneficios que ofrecen pueden consultarse en <a href=\"https:\/\/www.santafe.gob.ar\/acuerdosantafe\">https:\/\/www.santafe.gob.ar\/acuerdosantafe<\/a><\/p>\n<p><strong>Acuerdo p\u00fablico-privado<\/strong><\/p>\n<p>Esta nueva etapa se inscribe en la evoluci\u00f3n del programa Acuerdo Santa Fe, impulsado por el Gobierno Provincial como una herramienta para alcanzar precios convenientes en distintos rubros, a partir de una mesa de di\u00e1logo entre el sector p\u00fablico y privado. Las distintas etapas del programa tuvieron como principal objetivo fortalecer a las pymes santafesinas y promover las compras locales, consolid\u00e1ndose como una pol\u00edtica p\u00fablica de alto impacto territorial.<\/p>\n<p>En ese sentido, Rezzoaglio sostuvo que \u201ceste acuerdo no solo beneficia a los consumidores, sino que fortalece el circuito econ\u00f3mico provincial, generando oportunidades para la industria, el comercio y el sistema financiero\u201d. Y agreg\u00f3: \u201cAcuerdo Santa Fe es una pol\u00edtica en permanente construcci\u00f3n, que se adapta a los distintos sectores productivos y comerciales de la provincia\u201d.<\/p>\n<p><strong>M\u00e1s oferta<\/strong><\/p>\n<p>Para la consolidaci\u00f3n de esta propuesta, la Secretar\u00eda de Comercio Interior convoc\u00f3 a las entidades financieras a sumarse a la iniciativa, tomando como referencia experiencias previas del programa en otros rubros. El objetivo es que las empresas dedicadas a la producci\u00f3n, comercializaci\u00f3n y reventa de muebles puedan ofrecer en sus comercios opciones de pago en cuotas y descuentos, ampliando el acceso del p\u00fablico a productos del sector.<\/p>\n<p>Acompa\u00f1aron la presentaci\u00f3n el senador por el Departamento Iriondo, Hugo Rasetto; el intendente de Ca\u00f1ada de G\u00f3mez, Mat\u00edas Chale; el director provincial de Centros Comerciales Abiertos, Alejandro Pastore y el director provincial de Industria y Nuevas Econom\u00edas, Gonzalo Cristini. Tambi\u00e9n Maximiliano Ferraro de Adeessa (Asociaci\u00f3n de Entidades Empresarias del Sur Santafesino) y dirigentes de la C\u00e1mara del Mueble de Ca\u00f1ada de G\u00f3mez.<\/p>\n<p><strong>Qu\u00e9 es Acuerdo Santa Fe<\/strong><\/p>\n<p>Acuerdo Santa Fe es un programa del Ministerio de Desarrollo Productivo que tiene el objetivo de fomentar el consumo local y fortalecer el entramado comercial e industrial santafesino. Actualmente cuenta con propuestas en diversos rubros (alimentos, materiales para la construcci\u00f3n, de art\u00edculos escolares, entre otros) y contin\u00faa ampli\u00e1ndose a nuevos sectores estrat\u00e9gicos de la econom\u00eda provincial.<\/p>\n","protected":false},"excerpt":{"rendered":"<p>La iniciativa impulsada por el Gobierno santafesino suma comercios de toda la provincia con descuentos y cuotas accesibles, promoviendo el consumo y las compras locales. \u201cEl sector del mueble tiene un enorme potencial productivo y un fuerte anclaje territorial. Con este acuerdo buscamos acercar herramientas concretas tanto a los comercios como a los consumidores\u201d, se\u00f1al\u00f3 [&hellip;]<\/p>\n","protected":false},"author":3,"featured_media":68568,"comment_status":"closed","ping_status":"closed","sticky":false,"template":"","format":"standard","meta":{"_joinchat":[],"footnotes":""},"categories":[60],"tags":[],"class_list":{"0":"post-68567","1":"post","2":"type-post","3":"status-publish","4":"format-standard","5":"has-post-thumbnail","7":"category-provinciales"},"_links":{"self":[{"href":"https:\/\/infovera.com.ar\/web\/wp-json\/wp\/v2\/posts\/68567","targetHints":{"allow":["GET"]}}],"collection":[{"href":"https:\/\/infovera.com.ar\/web\/wp-json\/wp\/v2\/posts"}],"about":[{"href":"https:\/\/infovera.com.ar\/web\/wp-json\/wp\/v2\/types\/post"}],"author":[{"embeddable":true,"href":"https:\/\/infovera.com.ar\/web\/wp-json\/wp\/v2\/users\/3"}],"replies":[{"embeddable":true,"href":"https:\/\/infovera.com.ar\/web\/wp-json\/wp\/v2\/comments?post=68567"}],"version-history":[{"count":0,"href":"https:\/\/infovera.com.ar\/web\/wp-json\/wp\/v2\/posts\/68567\/revisions"}],"wp:featuredmedia":[{"embeddable":true,"href":"https:\/\/infovera.com.ar\/web\/wp-json\/wp\/v2\/media\/68568"}],"wp:attachment":[{"href":"https:\/\/infovera.com.ar\/web\/wp-json\/wp\/v2\/media?parent=68567"}],"wp:term":[{"taxonomy":"category","embeddable":true,"href":"https:\/\/infovera.com.ar\/web\/wp-json\/wp\/v2\/categories?post=68567"},{"taxonomy":"post_tag","embeddable":true,"href":"https:\/\/infovera.com.ar\/web\/wp-json\/wp\/v2\/tags?post=68567"}],"curies":[{"name":"wp","href":"https:\/\/api.w.org\/{rel}","templated":true}]}}