{"id":68561,"date":"2025-12-16T20:21:34","date_gmt":"2025-12-16T23:21:34","guid":{"rendered":"https:\/\/infovera.com.ar\/web\/?p=68561"},"modified":"2025-12-17T14:21:55","modified_gmt":"2025-12-17T17:21:55","slug":"souilhe-se-mantuvo-firme-y-barbona-es-el-nuevo-presidente-del-concejo-de-vera","status":"publish","type":"post","link":"https:\/\/infovera.com.ar\/web\/2025\/12\/16\/souilhe-se-mantuvo-firme-y-barbona-es-el-nuevo-presidente-del-concejo-de-vera\/","title":{"rendered":"Souilh\u00e9 se mantuvo firme y Barbona es el nuevo presidente del Concejo de Vera"},"content":{"rendered":"<p><strong>En la sesi\u00f3n preparatoria de este martes, finalmente qued\u00f3 firme la elecci\u00f3n del concejal Javier Barbona como presidente del Legislativo verense.<\/strong><\/p>\n<p>El concejal Mario Souilh\u00e9, sobre el que estaban puestas todas las miradas y las presiones oficialistas, mantuvo estoicamente su posici\u00f3n inicial y mocion\u00f3 que no se altere la votaci\u00f3n primera que le dio cuatro votos a Barbona, y que hab\u00eda sido cuestionada por los ediles oficialistas por entenderla no ajustada a reglamento.<\/p>\n<p>&#8220;Esto no es una partida de truco&#8221;, cruz\u00f3 Souilh\u00e9 al bloque integrado por Rubianes, Moral, con el apoyo de Bieler, y se expidi\u00f3 por ratificar la designaci\u00f3n de Barbona, que qued\u00f3 firme.<\/p>\n<p>Ya sin alternativas posibles al rev\u00e9s pol\u00edtico, Moral tom\u00f3 la palabra para felicitar a Javier Barbona y desearle suerte en su gesti\u00f3n al frente del Cuerpo.<\/p>\n<p>Ana Paula Capello fue elegida vicepresidenta 1\u00ba. y Federico Moral vicepresidente 2\u00b0, ambos por unanimidad.<\/p>\n<p>La semana pr\u00f3xima, ya en sesiones ordinarias, votar\u00e1n para la elecci\u00f3n del Secretario del Concejo Municipal.<\/p>\n<p><em>Las Comisiones quedaron constituidas de la siguiente manera:<\/em><\/p>\n<ul>\n<li><strong>Hacienda y Finanzas:\u00a0 <\/strong><\/li>\n<\/ul>\n<p>Integrantes: Ana Paula Capello, Marcos Rubianes y Claudio Bieler<\/p>\n<ul>\n<li><strong>Obras P\u00fablicas:<\/strong><\/li>\n<\/ul>\n<p>Integrantes: Mario Souilh\u00e9, Javier Barbona y Federico Moral<\/p>\n","protected":false},"excerpt":{"rendered":"<p>En la sesi\u00f3n preparatoria de este martes, finalmente qued\u00f3 firme la elecci\u00f3n del concejal Javier Barbona como presidente del Legislativo verense. El concejal Mario Souilh\u00e9, sobre el que estaban puestas todas las miradas y las presiones oficialistas, mantuvo estoicamente su posici\u00f3n inicial y mocion\u00f3 que no se altere la votaci\u00f3n primera que le dio cuatro [&hellip;]<\/p>\n","protected":false},"author":3,"featured_media":68562,"comment_status":"closed","ping_status":"closed","sticky":false,"template":"","format":"standard","meta":{"_joinchat":[],"footnotes":""},"categories":[53],"tags":[],"class_list":{"0":"post-68561","1":"post","2":"type-post","3":"status-publish","4":"format-standard","5":"has-post-thumbnail","7":"category-vera"},"_links":{"self":[{"href":"https:\/\/infovera.com.ar\/web\/wp-json\/wp\/v2\/posts\/68561","targetHints":{"allow":["GET"]}}],"collection":[{"href":"https:\/\/infovera.com.ar\/web\/wp-json\/wp\/v2\/posts"}],"about":[{"href":"https:\/\/infovera.com.ar\/web\/wp-json\/wp\/v2\/types\/post"}],"author":[{"embeddable":true,"href":"https:\/\/infovera.com.ar\/web\/wp-json\/wp\/v2\/users\/3"}],"replies":[{"embeddable":true,"href":"https:\/\/infovera.com.ar\/web\/wp-json\/wp\/v2\/comments?post=68561"}],"version-history":[{"count":0,"href":"https:\/\/infovera.com.ar\/web\/wp-json\/wp\/v2\/posts\/68561\/revisions"}],"wp:featuredmedia":[{"embeddable":true,"href":"https:\/\/infovera.com.ar\/web\/wp-json\/wp\/v2\/media\/68562"}],"wp:attachment":[{"href":"https:\/\/infovera.com.ar\/web\/wp-json\/wp\/v2\/media?parent=68561"}],"wp:term":[{"taxonomy":"category","embeddable":true,"href":"https:\/\/infovera.com.ar\/web\/wp-json\/wp\/v2\/categories?post=68561"},{"taxonomy":"post_tag","embeddable":true,"href":"https:\/\/infovera.com.ar\/web\/wp-json\/wp\/v2\/tags?post=68561"}],"curies":[{"name":"wp","href":"https:\/\/api.w.org\/{rel}","templated":true}]}}