{"id":68554,"date":"2025-12-16T19:50:32","date_gmt":"2025-12-16T22:50:32","guid":{"rendered":"https:\/\/infovera.com.ar\/web\/?p=68554"},"modified":"2025-12-17T14:22:24","modified_gmt":"2025-12-17T17:22:24","slug":"el-equipo-de-futbol-senior-de-estudiantes-se-quedo-con-la-copa-de-oro","status":"publish","type":"post","link":"https:\/\/infovera.com.ar\/web\/2025\/12\/16\/el-equipo-de-futbol-senior-de-estudiantes-se-quedo-con-la-copa-de-oro\/","title":{"rendered":"El equipo de f\u00fatbol senior de Estudiantes se qued\u00f3 con la Copa de Oro"},"content":{"rendered":"<p><strong>El conjunto de f\u00fatbol senior de Estudiantes de Vera gan\u00f3 la Copa de Oro y adem\u00e1s obtuvo el subcampeonato de la Liga del Tercer Tiempo.<\/strong><\/p>\n<p>En certamen se jug\u00f3 el s\u00e1bado pasado el representativo de El Le\u00f3n estuvo dirigido por Mat\u00edas Fern\u00e1ndez. El plantel agradeci\u00f3 a sus sponsors y seguidores.<\/p>\n<p><strong>Listado de jugadores:<\/strong><\/p>\n<p>Juan Carlos Aranda<br \/>\nAguirre Carlos A.<br \/>\nQuintana Luis R.<br \/>\nMoral Juan Gabriel<br \/>\nMangold Hugo D.<br \/>\nAguirre Cesar S.<br \/>\nAquino Alejandro<br \/>\nOjeda Jorge M.<br \/>\nMoreno Antonio<br \/>\nMart\u00ednez Carlos A.<br \/>\nP\u00e9rez Jos\u00e9 Luis<br \/>\n\u00c1balos Julio C.<br \/>\nAlmir\u00f3n Nicol\u00e1s D.<br \/>\nAcevedo Jorge L.<br \/>\nThomas Eduardo N.<br \/>\nMorglio Juan D.<br \/>\nPereyra Ram\u00f3n N.<br \/>\nJara Luis R.<\/p>\n<p>Michelud Oscar A.<br \/>\nPetroli Mauro V.<br \/>\nMangold Juan R.<br \/>\nFaccioli Fabi\u00e1n O.<br \/>\nFaccioli Hugo A.<br \/>\nBalais Guillermo<br \/>\nS\u00e1nchez Francisco J.<\/p>\n","protected":false},"excerpt":{"rendered":"<p>El conjunto de f\u00fatbol senior de Estudiantes de Vera gan\u00f3 la Copa de Oro y adem\u00e1s obtuvo el subcampeonato de la Liga del Tercer Tiempo. En certamen se jug\u00f3 el s\u00e1bado pasado el representativo de El Le\u00f3n estuvo dirigido por Mat\u00edas Fern\u00e1ndez. El plantel agradeci\u00f3 a sus sponsors y seguidores. Listado de jugadores: Juan Carlos [&hellip;]<\/p>\n","protected":false},"author":3,"featured_media":68556,"comment_status":"closed","ping_status":"closed","sticky":false,"template":"","format":"standard","meta":{"_joinchat":[],"footnotes":""},"categories":[31,35,53],"tags":[],"class_list":{"0":"post-68554","1":"post","2":"type-post","3":"status-publish","4":"format-standard","5":"has-post-thumbnail","7":"category-deportes","8":"category-futbol","9":"category-vera"},"_links":{"self":[{"href":"https:\/\/infovera.com.ar\/web\/wp-json\/wp\/v2\/posts\/68554","targetHints":{"allow":["GET"]}}],"collection":[{"href":"https:\/\/infovera.com.ar\/web\/wp-json\/wp\/v2\/posts"}],"about":[{"href":"https:\/\/infovera.com.ar\/web\/wp-json\/wp\/v2\/types\/post"}],"author":[{"embeddable":true,"href":"https:\/\/infovera.com.ar\/web\/wp-json\/wp\/v2\/users\/3"}],"replies":[{"embeddable":true,"href":"https:\/\/infovera.com.ar\/web\/wp-json\/wp\/v2\/comments?post=68554"}],"version-history":[{"count":0,"href":"https:\/\/infovera.com.ar\/web\/wp-json\/wp\/v2\/posts\/68554\/revisions"}],"wp:featuredmedia":[{"embeddable":true,"href":"https:\/\/infovera.com.ar\/web\/wp-json\/wp\/v2\/media\/68556"}],"wp:attachment":[{"href":"https:\/\/infovera.com.ar\/web\/wp-json\/wp\/v2\/media?parent=68554"}],"wp:term":[{"taxonomy":"category","embeddable":true,"href":"https:\/\/infovera.com.ar\/web\/wp-json\/wp\/v2\/categories?post=68554"},{"taxonomy":"post_tag","embeddable":true,"href":"https:\/\/infovera.com.ar\/web\/wp-json\/wp\/v2\/tags?post=68554"}],"curies":[{"name":"wp","href":"https:\/\/api.w.org\/{rel}","templated":true}]}}