{"id":68551,"date":"2025-12-16T19:11:52","date_gmt":"2025-12-16T22:11:52","guid":{"rendered":"https:\/\/infovera.com.ar\/web\/?p=68551"},"modified":"2025-12-17T12:39:48","modified_gmt":"2025-12-17T15:39:48","slug":"provincia-fortalece-la-seguridad-en-el-norte-con-nuevo-emplazamiento-para-la-pdi-en-reconquista","status":"publish","type":"post","link":"https:\/\/infovera.com.ar\/web\/2025\/12\/16\/provincia-fortalece-la-seguridad-en-el-norte-con-nuevo-emplazamiento-para-la-pdi-en-reconquista\/","title":{"rendered":"Provincia fortalece la seguridad en el norte con nuevo emplazamiento para la PDI en Reconquista"},"content":{"rendered":"<p><strong>El ministro de Justicia y Seguridad de Santa Fe, Pablo Cococcioni, encabez\u00f3 el acto de firma de comodato a trav\u00e9s del cual la Municipalidad cede el espacio a la fuerza de seguridad. Se trata de \u201cuna soluci\u00f3n a un problema cr\u00f3nico del que ven\u00eda adoleciendo la PDI en el norte provincial\u201d, explic\u00f3.<\/strong><\/p>\n<p>El ministro de Justicia y Seguridad de Santa Fe, Pablo Cococcioni, encabez\u00f3 este martes en Reconquista la firma de comodato para el nuevo emplazamiento de la Polic\u00eda de Investigaciones (PDI) en la ciudad.<\/p>\n<p>La actividad se desarroll\u00f3 en la sede de la Unidad Regional IX, donde Cococcioni destac\u00f3 que se logra \u201cuna soluci\u00f3n a un problema cr\u00f3nico del que ven\u00eda adoleciendo la PDI en el norte provincial, que es la falta de un lugar fijo y estable para poder establecer su base operativa, que ahora ha sido ampliada\u201d.<\/p>\n<p>El ministro detall\u00f3 que en la actualidad \u201ctenemos 40 efectivos de la PDI, entre la Brigada Operativa y la Brigada de Microtr\u00e1fico, con asiento en la ciudad de Reconquista y con incumbencia en toda la circunscripci\u00f3n judicial. As\u00ed que poder contar con esta locaci\u00f3n, nos evita la situaci\u00f3n de tener que estar alquilando algunos lugares con toda la precariedad que eso significa\u201d.<\/p>\n<p>El comodato firmado entre el Gobierno Provincial y la Municipalidad de Reconquista es por el plazo de 5 a\u00f1os. Se trata de un espacio que \u201cest\u00e1 en buenas condiciones y, por supuesto, nos haremos cargo nosotros de alguna refacci\u00f3n, mantenimiento, para que la PDI est\u00e9 en las condiciones que tenga que estar\u201d, sostuvo el titular de Justicia y Seguridad.<\/p>\n<p><strong>Respuestas a la comunidad<\/strong><\/p>\n<p>El secretario de Gobierno de la Municipalidad, Guillermo Romero Manzur, valor\u00f3 como \u201cprimordial\u201d el trabajo conjunto con el gobierno provincial; e indic\u00f3: \u201cLos vecinos de Reconquista no entienden de competencia, de qui\u00e9n es la seguridad; reclaman el trabajo en conjunto, y estamos convencidos de que, haci\u00e9ndolo de esta forma, les damos soluciones reales\u201d.<\/p>\n<p>Es por ello que agradeci\u00f3 \u201cel compromiso y el avance que tuvo la Provincia de Santa Fe en materia de seguridad, y que se ve reflejado en no solo en mayor equipamiento, sino en mayor presencia. Y creemos que este convenio nos va a ayudar para continuar brindando mejores servicios y dando respuesta a la comunidad\u201d.<\/p>\n<p>Participaron tambi\u00e9n el senador provincial por el departamento General Obligado, Orfilio Marc\u00f3n; el diputado provincial Dionisio Scarpin; el intendente de Avellaneda, Gonzalo Braidot; entre otros funcionarios provinciales y de la regi\u00f3n.<\/p>\n<p><strong>Reuni\u00f3n<\/strong><\/p>\n<p>Luego de la firma del comodato, las autoridades compartieron una reuni\u00f3n de planificaci\u00f3n operativa d\u00f3nde se compartieron datos e informaci\u00f3n sobre indicadores b\u00e1sicos de Reconquista y Avellaneda.<\/p>\n<p>A modo de balance en materia de seguridad durante los primeros dos a\u00f1os de gesti\u00f3n, el ministro Cococcioni se\u00f1al\u00f3 que \u201chaber podido dar cierta tranquilidad en las principales ciudades de la provincia con respecto a los indicadores de violencia es lo que nos ha permitido enfocarnos en un programa m\u00e1s integral para la pol\u00edtica de seguridad. Creo que el primer paso ha logrado resultados bastante satisfactorios, y hay que seguir avanzando\u201d.<\/p>\n","protected":false},"excerpt":{"rendered":"<p>El ministro de Justicia y Seguridad de Santa Fe, Pablo Cococcioni, encabez\u00f3 el acto de firma de comodato a trav\u00e9s del cual la Municipalidad cede el espacio a la fuerza de seguridad. Se trata de \u201cuna soluci\u00f3n a un problema cr\u00f3nico del que ven\u00eda adoleciendo la PDI en el norte provincial\u201d, explic\u00f3. El ministro de [&hellip;]<\/p>\n","protected":false},"author":3,"featured_media":68552,"comment_status":"closed","ping_status":"closed","sticky":false,"template":"","format":"standard","meta":{"_joinchat":[],"footnotes":""},"categories":[61],"tags":[],"class_list":{"0":"post-68551","1":"post","2":"type-post","3":"status-publish","4":"format-standard","5":"has-post-thumbnail","7":"category-regionales"},"_links":{"self":[{"href":"https:\/\/infovera.com.ar\/web\/wp-json\/wp\/v2\/posts\/68551","targetHints":{"allow":["GET"]}}],"collection":[{"href":"https:\/\/infovera.com.ar\/web\/wp-json\/wp\/v2\/posts"}],"about":[{"href":"https:\/\/infovera.com.ar\/web\/wp-json\/wp\/v2\/types\/post"}],"author":[{"embeddable":true,"href":"https:\/\/infovera.com.ar\/web\/wp-json\/wp\/v2\/users\/3"}],"replies":[{"embeddable":true,"href":"https:\/\/infovera.com.ar\/web\/wp-json\/wp\/v2\/comments?post=68551"}],"version-history":[{"count":0,"href":"https:\/\/infovera.com.ar\/web\/wp-json\/wp\/v2\/posts\/68551\/revisions"}],"wp:featuredmedia":[{"embeddable":true,"href":"https:\/\/infovera.com.ar\/web\/wp-json\/wp\/v2\/media\/68552"}],"wp:attachment":[{"href":"https:\/\/infovera.com.ar\/web\/wp-json\/wp\/v2\/media?parent=68551"}],"wp:term":[{"taxonomy":"category","embeddable":true,"href":"https:\/\/infovera.com.ar\/web\/wp-json\/wp\/v2\/categories?post=68551"},{"taxonomy":"post_tag","embeddable":true,"href":"https:\/\/infovera.com.ar\/web\/wp-json\/wp\/v2\/tags?post=68551"}],"curies":[{"name":"wp","href":"https:\/\/api.w.org\/{rel}","templated":true}]}}