{"id":68548,"date":"2025-12-16T14:04:18","date_gmt":"2025-12-16T17:04:18","guid":{"rendered":"https:\/\/infovera.com.ar\/web\/?p=68548"},"modified":"2025-12-17T11:48:10","modified_gmt":"2025-12-17T14:48:10","slug":"vera-tendra-un-paseo-peatonal-navideno-en-la-calle-principal","status":"publish","type":"post","link":"https:\/\/infovera.com.ar\/web\/2025\/12\/16\/vera-tendra-un-paseo-peatonal-navideno-en-la-calle-principal\/","title":{"rendered":"Vera tendr\u00e1 un paseo peatonal navide\u00f1o en la calle principal"},"content":{"rendered":"<p><strong>La Municipalidad de Vera invita a toda la comunidad a disfrutar del Paseo Peatonal Vera \u2013 Edici\u00f3n Navide\u00f1a, una propuesta especial pensada para compartir en familia y celebrar la llegada de las fiestas con actividades para todas las edades.<\/strong><\/p>\n<p>El evento se realizar\u00e1 el s\u00e1bado 20 de diciembre, de 17 a 2 hs, sobre calle San Mart\u00edn, en el tramo comprendido entre Lisandro de la Torre y 25 de Mayo, donde vecinos y visitantes podr\u00e1n recorrer un espacio especialmente ambientado con esp\u00edritu navide\u00f1o.<\/p>\n<p>Durante la jornada, se desarrollar\u00e1 un paseo gastron\u00f3mico con propuestas para todos los gustos: los locales de la zona ofrecer\u00e1n men\u00fas especiales, comida al paso y shows en vivo en cada establecimiento. A su vez, el paseo comercial brindar\u00e1 importantes oportunidades para las compras de fin de a\u00f1o, con comercios que exhibir\u00e1n sus productos tanto en el interior como en el exterior de los locales.<\/p>\n<p>El Paseo Peatonal contar\u00e1 adem\u00e1s con espacios l\u00fadicos destinados a las familias, propuestas de maquillaje art\u00edstico, y la presencia de Pap\u00e1 Noel, quien recibir\u00e1 a los m\u00e1s peque\u00f1os para sacarse fotos y dejar sus cartas.<\/p>\n<p>Tambi\u00e9n formar\u00e1n parte de la iniciativa stands institucionales de la Parroquia, el Club Gimnasia y el AeroClub, junto a intervenciones art\u00edsticas de estatuas vivientes y la participaci\u00f3n especial de la Banda de la Ciudad, que aportar\u00e1 m\u00fasica y color a la jornada.<\/p>\n<p>En cuanto a la circulaci\u00f3n vehicular, se informa que se mantendr\u00e1 el tr\u00e1nsito en las calles transversales Buenos Aires, Houriet y E. Alem\u00e1n, mientras que el estacionamiento en estas cuadras ser\u00e1 en disposici\u00f3n a 45\u00b0.<\/p>\n<p>El Paseo Peatonal Vera \u2013 Edici\u00f3n Navide\u00f1a se presenta como una propuesta integral para disfrutar del espacio p\u00fablico, fortalecer el comercio local y vivir una noche distinta en el centro de la ciudad, en un clima festivo y de encuentro comunitario.<\/p>\n","protected":false},"excerpt":{"rendered":"<p>La Municipalidad de Vera invita a toda la comunidad a disfrutar del Paseo Peatonal Vera \u2013 Edici\u00f3n Navide\u00f1a, una propuesta especial pensada para compartir en familia y celebrar la llegada de las fiestas con actividades para todas las edades. El evento se realizar\u00e1 el s\u00e1bado 20 de diciembre, de 17 a 2 hs, sobre calle [&hellip;]<\/p>\n","protected":false},"author":3,"featured_media":68549,"comment_status":"closed","ping_status":"closed","sticky":false,"template":"","format":"standard","meta":{"_joinchat":[],"footnotes":""},"categories":[53],"tags":[],"class_list":{"0":"post-68548","1":"post","2":"type-post","3":"status-publish","4":"format-standard","5":"has-post-thumbnail","7":"category-vera"},"_links":{"self":[{"href":"https:\/\/infovera.com.ar\/web\/wp-json\/wp\/v2\/posts\/68548","targetHints":{"allow":["GET"]}}],"collection":[{"href":"https:\/\/infovera.com.ar\/web\/wp-json\/wp\/v2\/posts"}],"about":[{"href":"https:\/\/infovera.com.ar\/web\/wp-json\/wp\/v2\/types\/post"}],"author":[{"embeddable":true,"href":"https:\/\/infovera.com.ar\/web\/wp-json\/wp\/v2\/users\/3"}],"replies":[{"embeddable":true,"href":"https:\/\/infovera.com.ar\/web\/wp-json\/wp\/v2\/comments?post=68548"}],"version-history":[{"count":0,"href":"https:\/\/infovera.com.ar\/web\/wp-json\/wp\/v2\/posts\/68548\/revisions"}],"wp:featuredmedia":[{"embeddable":true,"href":"https:\/\/infovera.com.ar\/web\/wp-json\/wp\/v2\/media\/68549"}],"wp:attachment":[{"href":"https:\/\/infovera.com.ar\/web\/wp-json\/wp\/v2\/media?parent=68548"}],"wp:term":[{"taxonomy":"category","embeddable":true,"href":"https:\/\/infovera.com.ar\/web\/wp-json\/wp\/v2\/categories?post=68548"},{"taxonomy":"post_tag","embeddable":true,"href":"https:\/\/infovera.com.ar\/web\/wp-json\/wp\/v2\/tags?post=68548"}],"curies":[{"name":"wp","href":"https:\/\/api.w.org\/{rel}","templated":true}]}}