{"id":68540,"date":"2025-12-15T21:52:23","date_gmt":"2025-12-16T00:52:23","guid":{"rendered":"https:\/\/infovera.com.ar\/web\/?p=68540"},"modified":"2025-12-16T20:22:35","modified_gmt":"2025-12-16T23:22:35","slug":"no-llego-el-dictamen-de-municipios-y-la-novela-de-la-eleccion-del-presidente-del-concejo-continua","status":"publish","type":"post","link":"https:\/\/infovera.com.ar\/web\/2025\/12\/15\/no-llego-el-dictamen-de-municipios-y-la-novela-de-la-eleccion-del-presidente-del-concejo-continua\/","title":{"rendered":"No lleg\u00f3 el dictamen de Municipios y la novela de la elecci\u00f3n del presidente del Concejo contin\u00faa"},"content":{"rendered":"<p><strong>A las 19 dio comienzo la sesi\u00f3n preparatoria para definir la Presidencia del Concejo de Vera. Pero no hubo avances.<\/strong><\/p>\n<p>La semana pasada, luego de la asunci\u00f3n de los nuevos ediles electos -Barbona, Rubianes y Bieler- la instituci\u00f3n intent\u00f3 elegir al quien presida el Cuerpo hasta el 10 de diciembre de 2026.<\/p>\n<p>La elecci\u00f3n termin\u00f3 en empate -3 votos para Barbona y 3 votos para Rubianes- por que le toc\u00f3 desempatar al presidente pro tempore Mario Souilh\u00e9, que inclin\u00f3 la balanza para el lado del representante de Sumemos Esfuerzos.<\/p>\n<div style=\"width: 448px;\" class=\"wp-video\"><video class=\"wp-video-shortcode\" id=\"video-68540-1\" width=\"448\" height=\"832\" preload=\"metadata\" controls=\"controls\"><source type=\"video\/mp4\" src=\"https:\/\/infovera.com.ar\/web\/wp-content\/uploads\/2025\/12\/WhatsApp-Video-2025-12-15-at-9.46.38-PM.mp4?_=1\" \/><a href=\"https:\/\/infovera.com.ar\/web\/wp-content\/uploads\/2025\/12\/WhatsApp-Video-2025-12-15-at-9.46.38-PM.mp4\">https:\/\/infovera.com.ar\/web\/wp-content\/uploads\/2025\/12\/WhatsApp-Video-2025-12-15-at-9.46.38-PM.mp4<\/a><\/video><\/div>\n<p>El oficialismo rechaz\u00f3 la posibilidad de que Souilh\u00e9 votara dos veces e impugn\u00f3 la elecci\u00f3n.<br \/>\nLos concejales, entonces, resolvieron requerir un dictamen al \u00e1rea Legal y T\u00e9cnica de la Secretar\u00eda de Municipios y Comunas.<\/p>\n<p>Pasado el mediod\u00eda del lunes, esa resoluci\u00f3n no hab\u00eda llegado al Concejo. Desde la Secretar\u00eda del informaron que se comunicaron con la repartici\u00f3n provincial desde donde se asegur\u00f3 que en horas de la tarde se remitir\u00eda el dictamen no vinculante que dir\u00e1 si la designaci\u00f3n de Javier Barbona se ajust\u00f3 a la reglamentaci\u00f3n vigente.<\/p>\n<p>Empero, en rigor de verdad, la respuesta de Municipios no ingres\u00f3 al Concejo. En consecuencia, los ediles acordaron un cuarto intermedio hasta el martes.<\/p>\n<p>En comunicaci\u00f3n con <strong>InfoVera,<\/strong> el concejal Barbona fue contundente: &#8220;No lleg\u00f3 dictamen y pidieron cuarto intermedio hasta ma\u00f1ana. Pero lo que no aceptan es el resultado. Fui elegido Presidente por 1 voto de diferencia, pero queda claro que no aceptan eso, que yo sea el presidente. Ac\u00e1 queda claro que lo que no aceptan es que yo gane la presidencia&#8221;.<\/p>\n<p>&nbsp;<\/p>\n","protected":false},"excerpt":{"rendered":"<p>A las 19 dio comienzo la sesi\u00f3n preparatoria para definir la Presidencia del Concejo de Vera. Pero no hubo avances. La semana pasada, luego de la asunci\u00f3n de los nuevos ediles electos -Barbona, Rubianes y Bieler- la instituci\u00f3n intent\u00f3 elegir al quien presida el Cuerpo hasta el 10 de diciembre de 2026. La elecci\u00f3n termin\u00f3 [&hellip;]<\/p>\n","protected":false},"author":3,"featured_media":68541,"comment_status":"closed","ping_status":"closed","sticky":false,"template":"","format":"standard","meta":{"_joinchat":[],"footnotes":""},"categories":[53],"tags":[],"class_list":{"0":"post-68540","1":"post","2":"type-post","3":"status-publish","4":"format-standard","5":"has-post-thumbnail","7":"category-vera"},"_links":{"self":[{"href":"https:\/\/infovera.com.ar\/web\/wp-json\/wp\/v2\/posts\/68540","targetHints":{"allow":["GET"]}}],"collection":[{"href":"https:\/\/infovera.com.ar\/web\/wp-json\/wp\/v2\/posts"}],"about":[{"href":"https:\/\/infovera.com.ar\/web\/wp-json\/wp\/v2\/types\/post"}],"author":[{"embeddable":true,"href":"https:\/\/infovera.com.ar\/web\/wp-json\/wp\/v2\/users\/3"}],"replies":[{"embeddable":true,"href":"https:\/\/infovera.com.ar\/web\/wp-json\/wp\/v2\/comments?post=68540"}],"version-history":[{"count":0,"href":"https:\/\/infovera.com.ar\/web\/wp-json\/wp\/v2\/posts\/68540\/revisions"}],"wp:featuredmedia":[{"embeddable":true,"href":"https:\/\/infovera.com.ar\/web\/wp-json\/wp\/v2\/media\/68541"}],"wp:attachment":[{"href":"https:\/\/infovera.com.ar\/web\/wp-json\/wp\/v2\/media?parent=68540"}],"wp:term":[{"taxonomy":"category","embeddable":true,"href":"https:\/\/infovera.com.ar\/web\/wp-json\/wp\/v2\/categories?post=68540"},{"taxonomy":"post_tag","embeddable":true,"href":"https:\/\/infovera.com.ar\/web\/wp-json\/wp\/v2\/tags?post=68540"}],"curies":[{"name":"wp","href":"https:\/\/api.w.org\/{rel}","templated":true}]}}