{"id":68537,"date":"2025-12-15T20:27:24","date_gmt":"2025-12-15T23:27:24","guid":{"rendered":"https:\/\/infovera.com.ar\/web\/?p=68537"},"modified":"2025-12-15T22:00:29","modified_gmt":"2025-12-16T01:00:29","slug":"jefe-policial-herido-en-operativo-sobre-la-ruta-provincial-no-1","status":"publish","type":"post","link":"https:\/\/infovera.com.ar\/web\/2025\/12\/15\/jefe-policial-herido-en-operativo-sobre-la-ruta-provincial-no-1\/","title":{"rendered":"Jefe policial herido en operativo sobre la Ruta Provincial N\u00ba 1"},"content":{"rendered":"<p data-start=\"96\" data-end=\"317\"><strong>El jefe de la Comisar\u00eda Tercera de Colonia Teresa result\u00f3 lesionado durante un operativo policial llevado a cabo en la madrugada de este lunes sobre la Ruta Provincial N\u00ba 1, en jurisdicci\u00f3n de Colonia San Ignacio.<\/strong><\/p>\n<p data-start=\"319\" data-end=\"731\">Seg\u00fan fuentes consultadas, el hecho ocurri\u00f3 mientras efectivos realizaban un control de rutina, momento en el cual fueron embestidos por un autom\u00f3vil. A ra\u00edz del impacto, el Inspector sufri\u00f3 lesiones de consideraci\u00f3n, por lo que fue asistido en el lugar y posteriormente trasladado. Debido a la gravedad de su estado, fue derivado a un centro de alta complejidad de la ciudad de Santa Fe.<\/p>\n<p data-start=\"733\" data-end=\"1102\">Tras el incidente, el veh\u00edculo involucrado fue hallado por las fuerzas de seguridad con importantes da\u00f1os y en su interior, como as\u00ed tambi\u00e9n en las inmediaciones, se secuestraron armas largas. Adem\u00e1s, durante el procedimiento se incautaron aproximadamente 500 kilogramos de carne vacuna. Los ocupantes del rodado lograron darse a la fuga de manera pedestre por la zona.<\/p>\n<p data-start=\"1104\" data-end=\"1369\">Como resultado de las primeras tareas de rastrillaje e investigaci\u00f3n, se logr\u00f3 la detenci\u00f3n de un hombre de 27 a\u00f1os, domiciliado en la ciudad de San Javier, quien estar\u00eda presuntamente vinculado al hecho. En tanto, contin\u00faa la b\u00fasqueda de otros posibles implicados.<\/p>\n<p data-start=\"1371\" data-end=\"1482\" data-is-last-node=\"\" data-is-only-node=\"\">Las actuaciones y la investigaci\u00f3n del caso quedaron a cargo de la Polic\u00eda de Investigaciones (PDI) San Javier.<\/p>\n<p data-start=\"1371\" data-end=\"1482\" data-is-last-node=\"\" data-is-only-node=\"\">Fuente: San Javier en Reflejos<\/p>\n","protected":false},"excerpt":{"rendered":"<p>El jefe de la Comisar\u00eda Tercera de Colonia Teresa result\u00f3 lesionado durante un operativo policial llevado a cabo en la madrugada de este lunes sobre la Ruta Provincial N\u00ba 1, en jurisdicci\u00f3n de Colonia San Ignacio. Seg\u00fan fuentes consultadas, el hecho ocurri\u00f3 mientras efectivos realizaban un control de rutina, momento en el cual fueron embestidos [&hellip;]<\/p>\n","protected":false},"author":3,"featured_media":68538,"comment_status":"closed","ping_status":"closed","sticky":false,"template":"","format":"standard","meta":{"_joinchat":[],"footnotes":""},"categories":[30,60],"tags":[],"class_list":{"0":"post-68537","1":"post","2":"type-post","3":"status-publish","4":"format-standard","5":"has-post-thumbnail","7":"category-policiales","8":"category-provinciales"},"_links":{"self":[{"href":"https:\/\/infovera.com.ar\/web\/wp-json\/wp\/v2\/posts\/68537","targetHints":{"allow":["GET"]}}],"collection":[{"href":"https:\/\/infovera.com.ar\/web\/wp-json\/wp\/v2\/posts"}],"about":[{"href":"https:\/\/infovera.com.ar\/web\/wp-json\/wp\/v2\/types\/post"}],"author":[{"embeddable":true,"href":"https:\/\/infovera.com.ar\/web\/wp-json\/wp\/v2\/users\/3"}],"replies":[{"embeddable":true,"href":"https:\/\/infovera.com.ar\/web\/wp-json\/wp\/v2\/comments?post=68537"}],"version-history":[{"count":0,"href":"https:\/\/infovera.com.ar\/web\/wp-json\/wp\/v2\/posts\/68537\/revisions"}],"wp:featuredmedia":[{"embeddable":true,"href":"https:\/\/infovera.com.ar\/web\/wp-json\/wp\/v2\/media\/68538"}],"wp:attachment":[{"href":"https:\/\/infovera.com.ar\/web\/wp-json\/wp\/v2\/media?parent=68537"}],"wp:term":[{"taxonomy":"category","embeddable":true,"href":"https:\/\/infovera.com.ar\/web\/wp-json\/wp\/v2\/categories?post=68537"},{"taxonomy":"post_tag","embeddable":true,"href":"https:\/\/infovera.com.ar\/web\/wp-json\/wp\/v2\/tags?post=68537"}],"curies":[{"name":"wp","href":"https:\/\/api.w.org\/{rel}","templated":true}]}}