{"id":68521,"date":"2025-12-15T13:12:10","date_gmt":"2025-12-15T16:12:10","guid":{"rendered":"https:\/\/infovera.com.ar\/web\/?p=68521"},"modified":"2025-12-15T13:12:10","modified_gmt":"2025-12-15T16:12:10","slug":"cierre-de-talleres-comunitarios-en-la-gallareta","status":"publish","type":"post","link":"https:\/\/infovera.com.ar\/web\/2025\/12\/15\/cierre-de-talleres-comunitarios-en-la-gallareta\/","title":{"rendered":"Cierre de talleres comunitarios en La Gallareta"},"content":{"rendered":"<p><strong>Se realiz\u00f3 el cierre de los talleres comunitarios impulsados por la Comuna de La Gallareta, espacios que se brindan de manera gratuita a ni\u00f1os, ni\u00f1as, j\u00f3venes y adultos mayores.<\/strong><\/p>\n<p>Los talleres cumplen un rol fundamental como \u00e1mbitos de recreaci\u00f3n, aprendizaje y contenci\u00f3n, favoreciendo la participaci\u00f3n y el encuentro comunitario.<\/p>\n<p>La actividad de cierre se desarroll\u00f3 en la plaza local, con una gran concurrencia de vecinos y vecinas, quienes compartieron una tarde amena, divertida y emotiva, acompa\u00f1ando las distintas propuestas y presentaciones.<\/p>\n<p>Desde la Comuna agradecieron a todas las personas que participaron y formaron parte de esta iniciativa, destacando el compromiso y el acompa\u00f1amiento de la comunidad.<\/p>\n","protected":false},"excerpt":{"rendered":"<p>Se realiz\u00f3 el cierre de los talleres comunitarios impulsados por la Comuna de La Gallareta, espacios que se brindan de manera gratuita a ni\u00f1os, ni\u00f1as, j\u00f3venes y adultos mayores. Los talleres cumplen un rol fundamental como \u00e1mbitos de recreaci\u00f3n, aprendizaje y contenci\u00f3n, favoreciendo la participaci\u00f3n y el encuentro comunitario. La actividad de cierre se desarroll\u00f3 [&hellip;]<\/p>\n","protected":false},"author":3,"featured_media":68522,"comment_status":"closed","ping_status":"closed","sticky":false,"template":"","format":"standard","meta":{"_joinchat":[],"footnotes":""},"categories":[51],"tags":[],"class_list":{"0":"post-68521","1":"post","2":"type-post","3":"status-publish","4":"format-standard","5":"has-post-thumbnail","7":"category-locales"},"_links":{"self":[{"href":"https:\/\/infovera.com.ar\/web\/wp-json\/wp\/v2\/posts\/68521","targetHints":{"allow":["GET"]}}],"collection":[{"href":"https:\/\/infovera.com.ar\/web\/wp-json\/wp\/v2\/posts"}],"about":[{"href":"https:\/\/infovera.com.ar\/web\/wp-json\/wp\/v2\/types\/post"}],"author":[{"embeddable":true,"href":"https:\/\/infovera.com.ar\/web\/wp-json\/wp\/v2\/users\/3"}],"replies":[{"embeddable":true,"href":"https:\/\/infovera.com.ar\/web\/wp-json\/wp\/v2\/comments?post=68521"}],"version-history":[{"count":0,"href":"https:\/\/infovera.com.ar\/web\/wp-json\/wp\/v2\/posts\/68521\/revisions"}],"wp:featuredmedia":[{"embeddable":true,"href":"https:\/\/infovera.com.ar\/web\/wp-json\/wp\/v2\/media\/68522"}],"wp:attachment":[{"href":"https:\/\/infovera.com.ar\/web\/wp-json\/wp\/v2\/media?parent=68521"}],"wp:term":[{"taxonomy":"category","embeddable":true,"href":"https:\/\/infovera.com.ar\/web\/wp-json\/wp\/v2\/categories?post=68521"},{"taxonomy":"post_tag","embeddable":true,"href":"https:\/\/infovera.com.ar\/web\/wp-json\/wp\/v2\/tags?post=68521"}],"curies":[{"name":"wp","href":"https:\/\/api.w.org\/{rel}","templated":true}]}}