{"id":68518,"date":"2025-12-15T11:03:58","date_gmt":"2025-12-15T14:03:58","guid":{"rendered":"https:\/\/infovera.com.ar\/web\/?p=68518"},"modified":"2025-12-15T11:03:58","modified_gmt":"2025-12-15T14:03:58","slug":"despedida-de-ano-de-vecinos-de-calle-moreno","status":"publish","type":"post","link":"https:\/\/infovera.com.ar\/web\/2025\/12\/15\/despedida-de-ano-de-vecinos-de-calle-moreno\/","title":{"rendered":"Despedida de a\u00f1o de vecinos de calle Moreno"},"content":{"rendered":"<p>Despu\u00e9s de 40 a\u00f1os los vecinos de calle Moreno, entre Espa\u00f1a y 9 de Julio de Vera, decidieron volver a reunirse para despedir el a\u00f1o, pero esta vez con un objetivo especial.<\/p>\n<p>\u201cM\u00e1s de 80 vecinos residentes y los que se fueron a otros barrios pero siempre estuvieron con nosotros se sumaron al festejo\u201d, dijo una de las organizadoras..<\/p>\n<p>Esto de despedir el a\u00f1o en la calle es lindo gesto que ojal\u00e1 se haga extensivo a otros sectores porque hace bien a los lazos y fortalece los v\u00ednculos entre las familias.<\/p>\n<p>En esta oportunidad los asistentes se dieron el gusto de homenajear a don Angel Alb\u00e1n y Sra. por ser los vecinos m\u00e1s antiguos de la cuadra.<\/p>\n<p>Letyana Press<\/p>\n","protected":false},"excerpt":{"rendered":"<p>Despu\u00e9s de 40 a\u00f1os los vecinos de calle Moreno, entre Espa\u00f1a y 9 de Julio de Vera, decidieron volver a reunirse para despedir el a\u00f1o, pero esta vez con un objetivo especial. \u201cM\u00e1s de 80 vecinos residentes y los que se fueron a otros barrios pero siempre estuvieron con nosotros se sumaron al festejo\u201d, dijo [&hellip;]<\/p>\n","protected":false},"author":3,"featured_media":68519,"comment_status":"closed","ping_status":"closed","sticky":false,"template":"","format":"standard","meta":{"_joinchat":[],"footnotes":""},"categories":[53],"tags":[],"class_list":{"0":"post-68518","1":"post","2":"type-post","3":"status-publish","4":"format-standard","5":"has-post-thumbnail","7":"category-vera"},"_links":{"self":[{"href":"https:\/\/infovera.com.ar\/web\/wp-json\/wp\/v2\/posts\/68518","targetHints":{"allow":["GET"]}}],"collection":[{"href":"https:\/\/infovera.com.ar\/web\/wp-json\/wp\/v2\/posts"}],"about":[{"href":"https:\/\/infovera.com.ar\/web\/wp-json\/wp\/v2\/types\/post"}],"author":[{"embeddable":true,"href":"https:\/\/infovera.com.ar\/web\/wp-json\/wp\/v2\/users\/3"}],"replies":[{"embeddable":true,"href":"https:\/\/infovera.com.ar\/web\/wp-json\/wp\/v2\/comments?post=68518"}],"version-history":[{"count":0,"href":"https:\/\/infovera.com.ar\/web\/wp-json\/wp\/v2\/posts\/68518\/revisions"}],"wp:featuredmedia":[{"embeddable":true,"href":"https:\/\/infovera.com.ar\/web\/wp-json\/wp\/v2\/media\/68519"}],"wp:attachment":[{"href":"https:\/\/infovera.com.ar\/web\/wp-json\/wp\/v2\/media?parent=68518"}],"wp:term":[{"taxonomy":"category","embeddable":true,"href":"https:\/\/infovera.com.ar\/web\/wp-json\/wp\/v2\/categories?post=68518"},{"taxonomy":"post_tag","embeddable":true,"href":"https:\/\/infovera.com.ar\/web\/wp-json\/wp\/v2\/tags?post=68518"}],"curies":[{"name":"wp","href":"https:\/\/api.w.org\/{rel}","templated":true}]}}