{"id":68500,"date":"2025-12-15T10:42:33","date_gmt":"2025-12-15T13:42:33","guid":{"rendered":"https:\/\/infovera.com.ar\/web\/?p=68500"},"modified":"2025-12-16T19:53:25","modified_gmt":"2025-12-16T22:53:25","slug":"vera-un-empleado-infiel-le-desvalijo-su-comercio-lo-echo-y-ahora-afronta-un-juicio-laboral","status":"publish","type":"post","link":"https:\/\/infovera.com.ar\/web\/2025\/12\/15\/vera-un-empleado-infiel-le-desvalijo-su-comercio-lo-echo-y-ahora-afronta-un-juicio-laboral\/","title":{"rendered":"Un empleado infiel le desvalij\u00f3 su comercio, lo ech\u00f3 y ahora afronta un juicio laboral: &#8220;Tengo que empezar de cero&#8221;"},"content":{"rendered":"<p><strong>Marcelo Scheidegger, propietario del comercio Todo Suelto, relat\u00f3 el duro momento que atraviesa tras descubrir una serie de robos cometidos por dos empleados de su confianza, uno de ellos con varios a\u00f1os de antig\u00fcedad en el negocio.<\/strong><\/p>\n<p>\u201cEsto en s\u00ed es un robo y no es un robo, porque me robaron mis propios empleados, y eso es lo que m\u00e1s me duele\u201d, expres\u00f3 Scheidegger, quien explic\u00f3 que el perjuicio econ\u00f3mico es importante, pero que el mayor golpe fue la traici\u00f3n.<\/p>\n<p>Seg\u00fan detall\u00f3 el titular del local ubicado en Hip\u00f3lito Irigoyen al 1362, uno de los empleados realizaba tareas de delivery y traslado de mercader\u00eda entre el local y los dep\u00f3sitos. Aprovechando esa funci\u00f3n, y vali\u00e9ndose de la cercan\u00eda de su vivienda con los galpones, habr\u00eda sustra\u00eddo mercader\u00eda de bazar y limpieza durante un per\u00edodo prolongado.<strong> La maniobra fue descubierta tras revisar c\u00e1maras de seguridad y advertir faltantes reiterados de productos.<\/strong><\/p>\n<p><strong>\u201cMe desvalij\u00f3 pr\u00e1cticamente medio galp\u00f3n. Son cosas que no se notan enseguida, pero cuando empez\u00e1s a controlar, te das cuenta\u201d, se\u00f1al\u00f3 a InfoVera.<\/strong> El propio trabajador termin\u00f3 reconociendo el hecho al ser confrontado con las im\u00e1genes.<\/p>\n<p>El comerciante verense relat\u00f3 que el acusado trabaja hace 3 o 4 a\u00f1os y que &#8220;lo tengo en negro; yo tengo 5 empleados y los 5 saben que tengo 2 en blanco, es una cuesti\u00f3n impositiva. La casa de \u00e9l est\u00e1 a la vuelta de los galpones, porque despu\u00e9s me entero y despu\u00e9s lo engancho, <strong>porque lo engancho con las c\u00e1maras, me desvalij\u00f3, hace un mes atr\u00e1s me desvalij\u00f3 medio galp\u00f3n pr\u00e1cticamente de mercader\u00eda&#8221;.<\/strong><\/p>\n<p>En esa l\u00ednea descriptiva, contextualiz\u00f3 que &#8220;hay cosas de bazar que es muy salado, muy caro, la gente se da cuenta despu\u00e9s, o sea, a ver, me entero de esto, salta por el tema de que veo las c\u00e1maras, me hizo pelota de mercader\u00eda&#8221;.<\/p>\n<p>Y dijo que al mostrarle las im\u00e1genes, el empleado infiel confes\u00f3 el hecho: se excus\u00f3 alegando que &#8220;no le alcanzaba para vivir de lo que yo le pagaba, Le pagaba 1.100.000 por mes, o sea que creo que no le pagaba mal. \u00c9l cobraba casi todos los s\u00e1bados 260.000 pesos. <strong>Le hice el seguimiento y lo enganch\u00e9 y todo, porque hay uno que me lo mand\u00f3 al frente, un vecino, entonces no le quedaba otra, viste, porque hasta ahora anda vendiendo mercader\u00eda m\u00eda. A partir de ese momento lo desped\u00ed y, bueno, me hizo un juicio laboral ahora&#8221;.<\/strong><\/p>\n<p><strong>Robo hormiga<\/strong><\/p>\n<p>Scheidegger tambi\u00e9n revel\u00f3 que un segundo empleado, con m\u00e1s de 12 a\u00f1os de relaci\u00f3n laboral y encargado del dep\u00f3sito, fue sorprendido en distintos episodios de lo que describi\u00f3 como \u201crobo hormiga\u201d, entregando mercader\u00eda sin facturar a terceros. <strong>En uno de los casos, el due\u00f1o detect\u00f3 productos ocultos en un bolso de un cliente, por un valor cercano a los 60 mil pesos.<\/strong><\/p>\n<p>\u201cAh\u00ed me di cuenta que no era un error. Hab\u00eda c\u00e1maras, pruebas, y situaciones repetidas\u201d, afirm\u00f3. &#8220;Le ped\u00ed que firme la renuncia, que yo le daba 10 sueldos, pero igual se present\u00f3 a trabajar, un caradurismo total&#8221;, se indign\u00f3.<\/p>\n<p>Como consecuencia, ambos empleados fueron desvinculados. En uno de los casos, el comerciante confirm\u00f3 que enfrenta actualmente un conflicto laboral judicial, mientras que en el otro decidi\u00f3 avanzar con el despido tras negarse el trabajador a firmar la renuncia.<\/p>\n<p><strong>Dolor\u00a0<\/strong><\/p>\n<p>\u201cPrefer\u00eda que me rompan una vidriera y me roben, antes de pasar por esto. Cambiar llaves, reorganizar todo, empezar de cero\u2026 es una carga emocional enorme\u201d, expres\u00f3 Scheidegger, visiblemente afectado.<\/p>\n<p>Finalmente, explic\u00f3 que decidi\u00f3 contar lo ocurrido como una forma de alertar a otros comerciantes, remarcando la importancia de los controles y de no confiar ciegamente, aun cuando exista una relaci\u00f3n laboral de a\u00f1os. <strong>&#8220;Tuvimos que cambiar todas las llaves de los galpones, el negocio, todo es un quilombo, es una mala onda terrible y bueno, a empezar de cero otra vez&#8221;.<\/strong><\/p>\n<p>\u201cUno trata de que el trabajo sea una familia, de pagar bien y dar oportunidades. Pero cuando te golpean as\u00ed, duele mucho\u201d, concluy\u00f3.<\/p>\n","protected":false},"excerpt":{"rendered":"<p>Marcelo Scheidegger, propietario del comercio Todo Suelto, relat\u00f3 el duro momento que atraviesa tras descubrir una serie de robos cometidos por dos empleados de su confianza, uno de ellos con varios a\u00f1os de antig\u00fcedad en el negocio. \u201cEsto en s\u00ed es un robo y no es un robo, porque me robaron mis propios empleados, y [&hellip;]<\/p>\n","protected":false},"author":3,"featured_media":68501,"comment_status":"closed","ping_status":"closed","sticky":false,"template":"","format":"standard","meta":{"_joinchat":[],"footnotes":""},"categories":[53],"tags":[],"class_list":{"0":"post-68500","1":"post","2":"type-post","3":"status-publish","4":"format-standard","5":"has-post-thumbnail","7":"category-vera"},"_links":{"self":[{"href":"https:\/\/infovera.com.ar\/web\/wp-json\/wp\/v2\/posts\/68500","targetHints":{"allow":["GET"]}}],"collection":[{"href":"https:\/\/infovera.com.ar\/web\/wp-json\/wp\/v2\/posts"}],"about":[{"href":"https:\/\/infovera.com.ar\/web\/wp-json\/wp\/v2\/types\/post"}],"author":[{"embeddable":true,"href":"https:\/\/infovera.com.ar\/web\/wp-json\/wp\/v2\/users\/3"}],"replies":[{"embeddable":true,"href":"https:\/\/infovera.com.ar\/web\/wp-json\/wp\/v2\/comments?post=68500"}],"version-history":[{"count":0,"href":"https:\/\/infovera.com.ar\/web\/wp-json\/wp\/v2\/posts\/68500\/revisions"}],"wp:featuredmedia":[{"embeddable":true,"href":"https:\/\/infovera.com.ar\/web\/wp-json\/wp\/v2\/media\/68501"}],"wp:attachment":[{"href":"https:\/\/infovera.com.ar\/web\/wp-json\/wp\/v2\/media?parent=68500"}],"wp:term":[{"taxonomy":"category","embeddable":true,"href":"https:\/\/infovera.com.ar\/web\/wp-json\/wp\/v2\/categories?post=68500"},{"taxonomy":"post_tag","embeddable":true,"href":"https:\/\/infovera.com.ar\/web\/wp-json\/wp\/v2\/tags?post=68500"}],"curies":[{"name":"wp","href":"https:\/\/api.w.org\/{rel}","templated":true}]}}