{"id":68494,"date":"2025-12-14T13:17:37","date_gmt":"2025-12-14T16:17:37","guid":{"rendered":"https:\/\/infovera.com.ar\/web\/?p=68494"},"modified":"2025-12-15T21:59:21","modified_gmt":"2025-12-16T00:59:21","slug":"un-conductor-huyo-de-un-control-para-evitar-el-test-de-alcoholemia-fue-detenido-en-margarita","status":"publish","type":"post","link":"https:\/\/infovera.com.ar\/web\/2025\/12\/14\/un-conductor-huyo-de-un-control-para-evitar-el-test-de-alcoholemia-fue-detenido-en-margarita\/","title":{"rendered":"Un conductor huy\u00f3 de un control para evitar el test de alcoholemia:  fue detenido en Margarita"},"content":{"rendered":"<p><strong>En la tarde del 13 de diciembre, personal policial que realizaba controles vehiculares y de alcoholemia sobre Ruta <\/strong>Nacional N\u00b0 11 detect\u00f3 a un conductor de un veh\u00edculo sedan, modelo Kangoo, marca Renault, que se dio a la fuga al intentar ser identificado.<\/p>\n<p>Tras un seguimiento controlado y con apoyo.de m\u00f3viles de la jurisdicci\u00f3n, el mismo fue interceptado en el ingreso a la localidad de Margarita, identificado, mayor de edad, oriundo de la ciudad de Calchaqu\u00ed procedi\u00e9ndose a su aprehensi\u00f3n y al secuestro del veh\u00edculo.<\/p>\n<p>Con colaboraci\u00f3n de lPersonal de la Guardia Provincial UO-1 sub. base Vera, realizado<br \/>\nel test de alcoholemia, el resultado fue positivo, labr\u00e1ndose las actas correspondientes y d\u00e1ndose intervenci\u00f3n a la autoridad judicial, quien dispuso diligencias a seguir<br \/>\ncontinuando las diligencias de rigor.<\/p>\n","protected":false},"excerpt":{"rendered":"<p>En la tarde del 13 de diciembre, personal policial que realizaba controles vehiculares y de alcoholemia sobre Ruta Nacional N\u00b0 11 detect\u00f3 a un conductor de un veh\u00edculo sedan, modelo Kangoo, marca Renault, que se dio a la fuga al intentar ser identificado. Tras un seguimiento controlado y con apoyo.de m\u00f3viles de la jurisdicci\u00f3n, el [&hellip;]<\/p>\n","protected":false},"author":3,"featured_media":68495,"comment_status":"closed","ping_status":"closed","sticky":false,"template":"","format":"standard","meta":{"_joinchat":[],"footnotes":""},"categories":[30,53],"tags":[],"class_list":{"0":"post-68494","1":"post","2":"type-post","3":"status-publish","4":"format-standard","5":"has-post-thumbnail","7":"category-policiales","8":"category-vera"},"_links":{"self":[{"href":"https:\/\/infovera.com.ar\/web\/wp-json\/wp\/v2\/posts\/68494","targetHints":{"allow":["GET"]}}],"collection":[{"href":"https:\/\/infovera.com.ar\/web\/wp-json\/wp\/v2\/posts"}],"about":[{"href":"https:\/\/infovera.com.ar\/web\/wp-json\/wp\/v2\/types\/post"}],"author":[{"embeddable":true,"href":"https:\/\/infovera.com.ar\/web\/wp-json\/wp\/v2\/users\/3"}],"replies":[{"embeddable":true,"href":"https:\/\/infovera.com.ar\/web\/wp-json\/wp\/v2\/comments?post=68494"}],"version-history":[{"count":0,"href":"https:\/\/infovera.com.ar\/web\/wp-json\/wp\/v2\/posts\/68494\/revisions"}],"wp:featuredmedia":[{"embeddable":true,"href":"https:\/\/infovera.com.ar\/web\/wp-json\/wp\/v2\/media\/68495"}],"wp:attachment":[{"href":"https:\/\/infovera.com.ar\/web\/wp-json\/wp\/v2\/media?parent=68494"}],"wp:term":[{"taxonomy":"category","embeddable":true,"href":"https:\/\/infovera.com.ar\/web\/wp-json\/wp\/v2\/categories?post=68494"},{"taxonomy":"post_tag","embeddable":true,"href":"https:\/\/infovera.com.ar\/web\/wp-json\/wp\/v2\/tags?post=68494"}],"curies":[{"name":"wp","href":"https:\/\/api.w.org\/{rel}","templated":true}]}}