{"id":68491,"date":"2025-12-13T18:38:01","date_gmt":"2025-12-13T21:38:01","guid":{"rendered":"https:\/\/infovera.com.ar\/web\/?p=68491"},"modified":"2025-12-15T10:51:36","modified_gmt":"2025-12-15T13:51:36","slug":"el-gobierno-detecto-abusos-en-usuarios-de-tarifa-social-consumos-de-hasta-7000-kw-y-facturas-por-17-millones-de-pesos","status":"publish","type":"post","link":"https:\/\/infovera.com.ar\/web\/2025\/12\/13\/el-gobierno-detecto-abusos-en-usuarios-de-tarifa-social-consumos-de-hasta-7000-kw-y-facturas-por-17-millones-de-pesos\/","title":{"rendered":"El Gobierno detect\u00f3 abusos en usuarios de Tarifa Social: consumos de hasta 7000 kw y facturas por 17 millones de pesos"},"content":{"rendered":"<p>El Gobierno de Santa Fe detect\u00f3 abusos y consumos desmedidos en usuarios inscriptos en el registro de Tarifa Social. En total, dieron de baja a 1.506 usuarios que tuvieron consumos por encima de los 2.000 kw, cuando el consumo promedio de un hogar en la provincia ronda los 700 u 800 kw. Los casos m\u00e1s graves que inform\u00f3 la Provincia son 21 usuarios que consumieron hasta 7.000 kw, generaron facturas de m\u00e1s de 17 millones de pesos, y abonaron menos de 3 millones, teniendo que cubrir el Estado los 14 millones restantes. \u201cEs inadmisible que se contin\u00fae este esquema. El beneficio est\u00e1 pensado para acompa\u00f1ar a las familias que m\u00e1s lo necesitan. No vamos a permitir que unos pocos vivos perjudiquen a la Empresa Provincial de la Energ\u00eda y a quienes realmente lo necesitan\u201d, afirm\u00f3 el ministro de Desarrollo Productivo, Gustavo Puccini.<\/p>\n<p>Los controles recientes sobre la Tarifa Social revelaron consumos muy por encima del promedio: se detectaron 258 usuarios que superaron los 3.000 kilovatios y cuatro casos en Rosario que excedieron los 6.000. En los 82 casos de mayor consumo, el Estado provincial debi\u00f3 cubrir m\u00e1s de 52 millones de pesos en subsidios, mientras que los usuarios abonaron apenas seis millones.<\/p>\n<p>La gesti\u00f3n del gobernador Maximiliano Pullaro dispuso un esquema de control m\u00e1s estricto sobre la firma p\u00fablica, con auditor\u00edas permanentes y medidas de modernizaci\u00f3n que alcanzan tanto el seguimiento de consumos como la organizaci\u00f3n interna de la empresa. El objetivo es ordenar la administraci\u00f3n, garantizar transparencia en el uso de los recursos y en este caso, asegurar que la Tarifa Social se aplique de manera justa, evitando abusos y desv\u00edos.<\/p>\n<p style=\"text-align: center;\">\u201cEstos n\u00fameros muestran que algunos sectores est\u00e1n desvirtuando el esp\u00edritu del beneficio. Vamos a redoblar los controles y aplicar todas las medidas necesarias para que la Tarifa Social vuelva a ser lo que debe: un apoyo para los hogares vulnerables, no un subsidio encubierto para consumos excesivos\u201d, se\u00f1al\u00f3 la presidenta de la EPE, Anah\u00ed Rodr\u00edguez.<\/p>\n<p>*Rosario*<\/p>\n<p>La ciudad de Rosario concentr\u00f3 78 casos de usuarios con consumos superiores a 3.000 kilovatios, que demandaron un subsidio estatal de 21.315.668 pesos. All\u00ed se destaca el caso de un usuario del barrio Belgrano que consumi\u00f3 7.020 kilovatios y cuya factura fue cubierta en 521.442 pesos por el Estado.<br \/>\nEn septiembre se identificaron 21 contribuyentes que, con consumos entre 2.500 y 7.000 kilovatios, generaron facturas por 17.114.592 pesos. Los usuarios abonaron apenas 2.889.765, mientras que el Estado provincial debi\u00f3 cubrir 14.224.827.<\/p>\n<p>*Funes*<\/p>\n<p>El caso de Funes expone con claridad el desv\u00edo del beneficio. Un usuario con Tarifa Social consumi\u00f3 3.897 kilovatios y gener\u00f3 una factura de 880.367 pesos. De ese total, solo pag\u00f3 19.673, mientras que el Estado cubri\u00f3 860.693. En el mismo complejo, dos familiares que tambi\u00e9n acced\u00edan al beneficio consumieron en conjunto 10.011 kilovatios, con facturas por 2.272.143 pesos. Los usuarios abonaron apenas 77.183 y el Ejecutivo provincial debi\u00f3 cubrir 2.194.959.<\/p>\n<p>*Santa Fe y Rinc\u00f3n*<\/p>\n<p>En la capital provincial y en Rinc\u00f3n se registraron 50 casos de usuarios con consumos superiores a 3.000 kilovatios, que implicaron un subsidio estatal de 23.135.594 pesos. Entre ellos, una vivienda en barrio Residencial, sobre calle 1 de Mayo, consumi\u00f3 2.840 kilovatios y gener\u00f3 una factura de 654.195 pesos, de la cual el Estado cubri\u00f3 198.094. Otro caso en barrio Centenario mostr\u00f3 un consumo de 3.482 kilovatios, con una factura de 779.439 pesos, de la cual el usuario pag\u00f3 apenas 19.713 y el resto qued\u00f3 a cargo del Estado.<\/p>\n<p>*Pr\u00f3ximos pasos*<\/p>\n<p>Rodr\u00edguez record\u00f3 que en los \u00faltimos d\u00edas se avanz\u00f3 con la compra de 75 mil telemedidores para avanzar en el monitoreo en tiempo real de los consumos de los usuarios y as\u00ed poder ser m\u00e1s precisos a la hora de destinar los recursos. \u201cAc\u00e1 se ve que el robo de energ\u00eda es una cuesti\u00f3n transversal y no de un sector particular. Tenemos que ser conscientes de que el robo de unos pocos afecta al consumo de todos\u201d. El prop\u00f3sito es que la Tarifa Social se mantenga como un instrumento de equidad, garantizando un consumo responsable y evitando que los recursos provinciales se desv\u00eden hacia pr\u00e1cticas que no reflejen la necesidad real de los hogares vulnerables.<\/p>\n","protected":false},"excerpt":{"rendered":"<p>El Gobierno de Santa Fe detect\u00f3 abusos y consumos desmedidos en usuarios inscriptos en el registro de Tarifa Social. En total, dieron de baja a 1.506 usuarios que tuvieron consumos por encima de los 2.000 kw, cuando el consumo promedio de un hogar en la provincia ronda los 700 u 800 kw. Los casos m\u00e1s [&hellip;]<\/p>\n","protected":false},"author":3,"featured_media":68492,"comment_status":"closed","ping_status":"closed","sticky":false,"template":"","format":"standard","meta":{"_joinchat":[],"footnotes":""},"categories":[60],"tags":[],"class_list":{"0":"post-68491","1":"post","2":"type-post","3":"status-publish","4":"format-standard","5":"has-post-thumbnail","7":"category-provinciales"},"_links":{"self":[{"href":"https:\/\/infovera.com.ar\/web\/wp-json\/wp\/v2\/posts\/68491","targetHints":{"allow":["GET"]}}],"collection":[{"href":"https:\/\/infovera.com.ar\/web\/wp-json\/wp\/v2\/posts"}],"about":[{"href":"https:\/\/infovera.com.ar\/web\/wp-json\/wp\/v2\/types\/post"}],"author":[{"embeddable":true,"href":"https:\/\/infovera.com.ar\/web\/wp-json\/wp\/v2\/users\/3"}],"replies":[{"embeddable":true,"href":"https:\/\/infovera.com.ar\/web\/wp-json\/wp\/v2\/comments?post=68491"}],"version-history":[{"count":0,"href":"https:\/\/infovera.com.ar\/web\/wp-json\/wp\/v2\/posts\/68491\/revisions"}],"wp:featuredmedia":[{"embeddable":true,"href":"https:\/\/infovera.com.ar\/web\/wp-json\/wp\/v2\/media\/68492"}],"wp:attachment":[{"href":"https:\/\/infovera.com.ar\/web\/wp-json\/wp\/v2\/media?parent=68491"}],"wp:term":[{"taxonomy":"category","embeddable":true,"href":"https:\/\/infovera.com.ar\/web\/wp-json\/wp\/v2\/categories?post=68491"},{"taxonomy":"post_tag","embeddable":true,"href":"https:\/\/infovera.com.ar\/web\/wp-json\/wp\/v2\/tags?post=68491"}],"curies":[{"name":"wp","href":"https:\/\/api.w.org\/{rel}","templated":true}]}}