{"id":68466,"date":"2025-12-12T10:32:17","date_gmt":"2025-12-12T13:32:17","guid":{"rendered":"https:\/\/infovera.com.ar\/web\/?p=68466"},"modified":"2025-12-14T13:18:21","modified_gmt":"2025-12-14T16:18:21","slug":"primer-juicio-por-jurados-en-el-norte-condenaron-a-prision-perpetua-al-autor-del-femicidio-de-una-nina","status":"publish","type":"post","link":"https:\/\/infovera.com.ar\/web\/2025\/12\/12\/primer-juicio-por-jurados-en-el-norte-condenaron-a-prision-perpetua-al-autor-del-femicidio-de-una-nina\/","title":{"rendered":"Primer juicio por jurados en el norte: condenaron a prisi\u00f3n perpetua al autor del femicidio de una ni\u00f1a"},"content":{"rendered":"<p><strong>Se trata de Bruno Luis Mart\u00ednez, de 24 a\u00f1os, quien era la pareja de la madre de la v\u00edctima. El veredicto fue resuelto por unanimidad por el jurado popular y, tras conocerse la decisi\u00f3n, se realiz\u00f3 la audiencia de cesura en la que la jueza Claudia Bress\u00e1n determin\u00f3 la pena. La fiscal Georgina D\u00edaz y el fiscal Valent\u00edn Here\u00f1\u00fa representaron al MPA en el debate.<\/strong><\/p>\n<p>En el marco del primer juicio por jurados que se realiz\u00f3 en los tribunales de Reconquista, Bruno Luis Mart\u00ednez fue declarado culpable y condenado a prisi\u00f3n perpetua por haber cometido el femicidio de la hija \u2013menor de edad\u2013 de quien era su pareja.<\/p>\n<p>El veredicto fue resuelto por unanimidad por el jurado popular, luego de una deliberaci\u00f3n secreta que mantuvieron durante dos horas. Una vez que se conoci\u00f3 la decisi\u00f3n, se realiz\u00f3 la denominada audiencia de cesura, en la que la jueza Claudia Bress\u00e1n determin\u00f3 la pena de prisi\u00f3n perpetua, tal como lo hab\u00edan solicitado la fiscal Georgina D\u00edaz y el fiscal Valent\u00edn Here\u00f1\u00fa, quienes representaron al MPA en el juicio.<\/p>\n<p>Mart\u00ednez, de 24 a\u00f1os, recibi\u00f3 la m\u00e1xima pena prevista en el C\u00f3digo Penal por la autor\u00eda del delito de homicidio calificado (por ensa\u00f1amiento, por alevos\u00eda y por haber sido cometido por un hombre en contra de una mujer, mediando violencia de g\u00e9nero \u2013femicidio).<br \/>\nEl debate fue el cuarto de este tipo en la provincia, tras un juicio por jurados que tuvo lugar en los tribunales de San Crist\u00f3bal y dos que se desarrollaron en la ciudad de Santa Fe.<\/p>\n<p><strong>Responsabilidad<\/strong><\/p>\n<p>\u201cValoramos el compromiso con el que los ciudadanos que integraron el jurado asumieron la responsabilidad que implica integrar un jurado popular\u201d, destacaron los fiscales.<br \/>\nPor otra parte, D\u00edaz y Here\u00f1\u00fa tambi\u00e9n subrayaron \u201cla importancia de que el jurado haya decidido condenar al acusado y lo haya hecho por la misma calificaci\u00f3n y con las mismas agravantes que solicitamos en nuestros alegatos\u201d.<\/p>\n<p><strong>Golpes<\/strong><\/p>\n<p>Los fiscales precisaron que \u201cel femicidio de la ni\u00f1a fue cometido entre las 8:00 y las 13:00 del lunes 8 de enero del a\u00f1o pasado en una vivienda ubicada en el asentamiento oeste del barrio Guadalupe\u201d. Al respecto, explicitaron que \u201cpor entonces, la v\u00edctima ten\u00eda solo tres a\u00f1os\u201d.<\/p>\n<p>\u201cEn un contexto de dominaci\u00f3n sobre la ni\u00f1a, el condenado la golpe\u00f3 deliberadamente para provocarle cada vez m\u00e1s dolor\u201d, plantearon D\u00edaz y Here\u00f1\u00fa. \u201cActu\u00f3 sobre seguro, a sabiendas del estado de indefensi\u00f3n propio de cualquier ni\u00f1a o ni\u00f1o peque\u00f1o\u201d, manifestaron.<\/p>\n<p>\u201cDe acuerdo con la autopsia realizada, la v\u00edctima sufri\u00f3 un traumatismo de cr\u00e1neo grave a ra\u00edz de los golpes, lo que caus\u00f3 su muerte al d\u00eda siguiente\u201d, remarcaron.<\/p>\n","protected":false},"excerpt":{"rendered":"<p>Se trata de Bruno Luis Mart\u00ednez, de 24 a\u00f1os, quien era la pareja de la madre de la v\u00edctima. El veredicto fue resuelto por unanimidad por el jurado popular y, tras conocerse la decisi\u00f3n, se realiz\u00f3 la audiencia de cesura en la que la jueza Claudia Bress\u00e1n determin\u00f3 la pena. La fiscal Georgina D\u00edaz y [&hellip;]<\/p>\n","protected":false},"author":3,"featured_media":68467,"comment_status":"closed","ping_status":"closed","sticky":false,"template":"","format":"standard","meta":{"_joinchat":[],"footnotes":""},"categories":[30,61],"tags":[],"class_list":{"0":"post-68466","1":"post","2":"type-post","3":"status-publish","4":"format-standard","5":"has-post-thumbnail","7":"category-policiales","8":"category-regionales"},"_links":{"self":[{"href":"https:\/\/infovera.com.ar\/web\/wp-json\/wp\/v2\/posts\/68466","targetHints":{"allow":["GET"]}}],"collection":[{"href":"https:\/\/infovera.com.ar\/web\/wp-json\/wp\/v2\/posts"}],"about":[{"href":"https:\/\/infovera.com.ar\/web\/wp-json\/wp\/v2\/types\/post"}],"author":[{"embeddable":true,"href":"https:\/\/infovera.com.ar\/web\/wp-json\/wp\/v2\/users\/3"}],"replies":[{"embeddable":true,"href":"https:\/\/infovera.com.ar\/web\/wp-json\/wp\/v2\/comments?post=68466"}],"version-history":[{"count":0,"href":"https:\/\/infovera.com.ar\/web\/wp-json\/wp\/v2\/posts\/68466\/revisions"}],"wp:featuredmedia":[{"embeddable":true,"href":"https:\/\/infovera.com.ar\/web\/wp-json\/wp\/v2\/media\/68467"}],"wp:attachment":[{"href":"https:\/\/infovera.com.ar\/web\/wp-json\/wp\/v2\/media?parent=68466"}],"wp:term":[{"taxonomy":"category","embeddable":true,"href":"https:\/\/infovera.com.ar\/web\/wp-json\/wp\/v2\/categories?post=68466"},{"taxonomy":"post_tag","embeddable":true,"href":"https:\/\/infovera.com.ar\/web\/wp-json\/wp\/v2\/tags?post=68466"}],"curies":[{"name":"wp","href":"https:\/\/api.w.org\/{rel}","templated":true}]}}