{"id":68462,"date":"2025-12-11T22:17:14","date_gmt":"2025-12-12T01:17:14","guid":{"rendered":"https:\/\/infovera.com.ar\/web\/?p=68462"},"modified":"2025-12-11T22:17:14","modified_gmt":"2025-12-12T01:17:14","slug":"rojas-sobre-el-presupuesto-2026-para-el-norte-el-foco-esta-puesto-en-obras-claves-agua-potable-cloacas-gas-viviendas-y-conectividad","status":"publish","type":"post","link":"https:\/\/infovera.com.ar\/web\/2025\/12\/11\/rojas-sobre-el-presupuesto-2026-para-el-norte-el-foco-esta-puesto-en-obras-claves-agua-potable-cloacas-gas-viviendas-y-conectividad\/","title":{"rendered":"Rojas, sobre el presupuesto 2026: \u201cPara el norte el foco est\u00e1 puesto en obras claves: agua potable, cloacas, gas, viviendas y conectividad\u201d"},"content":{"rendered":"<p>La C\u00e1mara de Diputadas y Diputados provincial dio media sanci\u00f3n al Presupuesto 2026 enviado por el Poder Ejecutivo, en el que se incluyen distintas obras para el departamento Vera.<\/p>\n<p>Consultado sobre el proyecto, el diputado nortefesino *Sergio \u201cChiqui\u201d Rojas* manifest\u00f3: \u201cHace un par de meses venimos trabajando junto a los intendentes, presidentes comunales, y al senador Sosa para presentar al ministro de Econom\u00eda una lista de obras prioritarias para la regi\u00f3n. Estas \u00faltimas semanas estuvimos reunidos con funcionarios de diferentes \u00e1reas, explicando la necesidad y urgencia de las mismas en el presupuesto que hoy aprobamos\u201d.<\/p>\n<p>Concretamente, el diputado confirm\u00f3 que se incluy\u00f3 este listado en el anexo y se incluye el Parque Industrial de Vera; la red de gas para Vera, Margarita y Calchaqu\u00ed; ampliaci\u00f3n de cloacas y de la red de agua potable hacia diferentes localidades; planes de vivienda y pavimento urbano; entre otras. \u201cPara el norte el foco est\u00e1 puesto en obras claves, se trata de ampliar el acceso a servicios esenciales que en definitiva tienen que ver con igualar las condiciones con el resto de la provincia, tener m\u00e1s oportunidades de desarrollo, de afianzar el arraigo, de poder tener una vida m\u00e1s digna en el lugar donde cada uno elige vivir\u201d.<\/p>\n<p>Por otra parte, Rojas se\u00f1al\u00f3 que \u201cse incluyen obras en las que venimos insistiendo desde la C\u00e1mara, como por ejemplo el fomento a energ\u00edas renovables en las zonas rurales, la construcci\u00f3n del cuartel de bomberos de Vera, un nuevo puente sobre el arroyo Golondrina en la ruta 40, el estabilizado de la ruta 83s y la conexi\u00f3n entre Los Amores y Villa Guillermina por la ruta 30\u201d.<\/p>\n<p>Rojas destac\u00f3 adem\u00e1s, que este gobierno no solo est\u00e1 cumpliendo con las obras proyectadas sino que contin\u00faa ampliando los objetivos. \u201cValoramos el esfuerzo y compromiso del gobierno provincial, en un contexto donde ya van dos a\u00f1os sin obra p\u00fablica nacional, de hacer y continuar obras muy esperadas y necesarias\u201d.<\/p>\n<p>El texto aprobado pasar\u00e1 a la C\u00e1mara de Senadores, donde se espera su sanci\u00f3n definitiva. \u201cMe parece importante aclarar que el hecho de que las obras figuren en el presupuesto, luego deben conseguir financiamiento, hacer los estudios y los llamados a licitaciones correspondientes; pero que figuren all\u00ed significa que est\u00e1n en carpeta y por supuesto que vamos a insistir y monitorear el desarrollo de las mismas\u201d.<\/p>\n","protected":false},"excerpt":{"rendered":"<p>La C\u00e1mara de Diputadas y Diputados provincial dio media sanci\u00f3n al Presupuesto 2026 enviado por el Poder Ejecutivo, en el que se incluyen distintas obras para el departamento Vera. Consultado sobre el proyecto, el diputado nortefesino *Sergio \u201cChiqui\u201d Rojas* manifest\u00f3: \u201cHace un par de meses venimos trabajando junto a los intendentes, presidentes comunales, y al [&hellip;]<\/p>\n","protected":false},"author":3,"featured_media":68464,"comment_status":"closed","ping_status":"closed","sticky":false,"template":"","format":"standard","meta":{"_joinchat":[],"footnotes":""},"categories":[53],"tags":[],"class_list":{"0":"post-68462","1":"post","2":"type-post","3":"status-publish","4":"format-standard","5":"has-post-thumbnail","7":"category-vera"},"_links":{"self":[{"href":"https:\/\/infovera.com.ar\/web\/wp-json\/wp\/v2\/posts\/68462","targetHints":{"allow":["GET"]}}],"collection":[{"href":"https:\/\/infovera.com.ar\/web\/wp-json\/wp\/v2\/posts"}],"about":[{"href":"https:\/\/infovera.com.ar\/web\/wp-json\/wp\/v2\/types\/post"}],"author":[{"embeddable":true,"href":"https:\/\/infovera.com.ar\/web\/wp-json\/wp\/v2\/users\/3"}],"replies":[{"embeddable":true,"href":"https:\/\/infovera.com.ar\/web\/wp-json\/wp\/v2\/comments?post=68462"}],"version-history":[{"count":0,"href":"https:\/\/infovera.com.ar\/web\/wp-json\/wp\/v2\/posts\/68462\/revisions"}],"wp:featuredmedia":[{"embeddable":true,"href":"https:\/\/infovera.com.ar\/web\/wp-json\/wp\/v2\/media\/68464"}],"wp:attachment":[{"href":"https:\/\/infovera.com.ar\/web\/wp-json\/wp\/v2\/media?parent=68462"}],"wp:term":[{"taxonomy":"category","embeddable":true,"href":"https:\/\/infovera.com.ar\/web\/wp-json\/wp\/v2\/categories?post=68462"},{"taxonomy":"post_tag","embeddable":true,"href":"https:\/\/infovera.com.ar\/web\/wp-json\/wp\/v2\/tags?post=68462"}],"curies":[{"name":"wp","href":"https:\/\/api.w.org\/{rel}","templated":true}]}}