{"id":68444,"date":"2025-12-11T14:05:22","date_gmt":"2025-12-11T17:05:22","guid":{"rendered":"https:\/\/infovera.com.ar\/web\/?p=68444"},"modified":"2025-12-14T13:19:20","modified_gmt":"2025-12-14T16:19:20","slug":"la-corte-visito-reconquista-y-se-refirio-a-la-falta-de-jueces-para-la-camara-penal-de-vera","status":"publish","type":"post","link":"https:\/\/infovera.com.ar\/web\/2025\/12\/11\/la-corte-visito-reconquista-y-se-refirio-a-la-falta-de-jueces-para-la-camara-penal-de-vera\/","title":{"rendered":"La Corte visit\u00f3 Reconquista y se refiri\u00f3 a la falta de jueces para la C\u00e1mara Penal de Vera"},"content":{"rendered":"<p><strong>Los ministros de la Corte Suprema de Justicia de la Provincia, Roberto H\u00e9ctor Falistocco (presidente), Eduardo Guillermo Spuler, Rafael Francisco Guti\u00e9rrez, Daniel An\u00edbal Erbetta, Jorge Camilo Baclini, Rub\u00e9n Luis Weder y la ministra Margarita Elsa Zabalza, realizan una visita institucional a los Tribunales de la ciudad de Reconquista.<\/strong><\/p>\n<p>La agenda comenz\u00f3 este mi\u00e9rcoles, tras la reuni\u00f3n de Acuerdos en la que se design\u00f3 al<br \/>\npresidente del cuerpo para el a\u00f1o 2026 y la ceremonia de premiaci\u00f3n a los mejores<br \/>\ngraduados de Abogac\u00eda de la provincia, celebrada en Santa Fe.<\/p>\n<p>Durante la tarde, los ministros mantuvieron encuentros con jueces y juezas de las C\u00e1maras<br \/>\nde Apelaciones en lo Civil y Comercial, y posteriormente con representantes del Colegio de<br \/>\nAbogados local.<\/p>\n<p>Este jueves 11, la Corte continu\u00f3 con reuniones junto a magistrados de primera instancia de los fueros civil, comercial, laboral, de familia, de circuito y penal, adem\u00e1s de la C\u00e1mara de Apelaci\u00f3n Penal de la sede.<\/p>\n<p>Estas actividades forman parte de una pol\u00edtica institucional orientada a fortalecer el<br \/>\ncontacto directo con la magistratura y los operadores del sistema de justicia. En este marco, ya se han desarrollado encuentros similares en Rafaela, Casilda, Venado Tuerto y San Lorenzo, sum\u00e1ndose ahora Reconquista a este recorrido de gesti\u00f3n.<\/p>\n<p>Finalmente, desde las 12 horas, la Corte en pleno ofreci\u00f3 una conferencia de prensa en el<br \/>\nsegundo piso del edificio de los Tribunales de Reconquista.<\/p>\n<p>Los supremos adelantaron se trabaja en dotar al fuero penal de un sistema inform\u00e1tico que permita visualizar y seguir las audiencias desde tel\u00e9fonos celulares en forma directa, para lo cual se recibe colaboraci\u00f3n del Poder Judicial de Tucum\u00e1n.<\/p>\n<p>En tanto, pusieron de relieve la cobertura de cargos judiciales en el norte, aunque dejaron en claro que &#8220;eso es responsabilidad del Ejecutivo provincial&#8221;.<\/p>\n<p>En el contacto con los medios, admitieron que resta designar tres jueces para la C\u00e1mara de Apelaciones en lo Penal de Vera.<\/p>\n<p>&#8220;Tenemos la C\u00e1mara Penal que tiene que tener cuatro camaristas y hay uno nom\u00e1s, bueno, nosotros constantemente estamos mejorando la designaci\u00f3n de jueces, todav\u00eda quedan muchas designaciones de jueces que se van a hacer, pero tengamos siempre en cuenta que la designaci\u00f3n de los jueces es responsabilidad por el Ejecutivo&#8221;, asever\u00f3 Rafael Guti\u00e9rrez.<\/p>\n<div style=\"width: 478px;\" class=\"wp-video\"><video class=\"wp-video-shortcode\" id=\"video-68444-1\" width=\"478\" height=\"850\" preload=\"metadata\" controls=\"controls\"><source type=\"video\/mp4\" src=\"https:\/\/infovera.com.ar\/web\/wp-content\/uploads\/2025\/12\/WhatsApp-Video-2025-12-11-at-1.45.52-PM.mp4?_=1\" \/><a href=\"https:\/\/infovera.com.ar\/web\/wp-content\/uploads\/2025\/12\/WhatsApp-Video-2025-12-11-at-1.45.52-PM.mp4\">https:\/\/infovera.com.ar\/web\/wp-content\/uploads\/2025\/12\/WhatsApp-Video-2025-12-11-at-1.45.52-PM.mp4<\/a><\/video><\/div>\n","protected":false},"excerpt":{"rendered":"<p>Los ministros de la Corte Suprema de Justicia de la Provincia, Roberto H\u00e9ctor Falistocco (presidente), Eduardo Guillermo Spuler, Rafael Francisco Guti\u00e9rrez, Daniel An\u00edbal Erbetta, Jorge Camilo Baclini, Rub\u00e9n Luis Weder y la ministra Margarita Elsa Zabalza, realizan una visita institucional a los Tribunales de la ciudad de Reconquista. La agenda comenz\u00f3 este mi\u00e9rcoles, tras la [&hellip;]<\/p>\n","protected":false},"author":3,"featured_media":68445,"comment_status":"closed","ping_status":"closed","sticky":false,"template":"","format":"standard","meta":{"_joinchat":[],"footnotes":""},"categories":[61],"tags":[],"class_list":{"0":"post-68444","1":"post","2":"type-post","3":"status-publish","4":"format-standard","5":"has-post-thumbnail","7":"category-regionales"},"_links":{"self":[{"href":"https:\/\/infovera.com.ar\/web\/wp-json\/wp\/v2\/posts\/68444","targetHints":{"allow":["GET"]}}],"collection":[{"href":"https:\/\/infovera.com.ar\/web\/wp-json\/wp\/v2\/posts"}],"about":[{"href":"https:\/\/infovera.com.ar\/web\/wp-json\/wp\/v2\/types\/post"}],"author":[{"embeddable":true,"href":"https:\/\/infovera.com.ar\/web\/wp-json\/wp\/v2\/users\/3"}],"replies":[{"embeddable":true,"href":"https:\/\/infovera.com.ar\/web\/wp-json\/wp\/v2\/comments?post=68444"}],"version-history":[{"count":0,"href":"https:\/\/infovera.com.ar\/web\/wp-json\/wp\/v2\/posts\/68444\/revisions"}],"wp:featuredmedia":[{"embeddable":true,"href":"https:\/\/infovera.com.ar\/web\/wp-json\/wp\/v2\/media\/68445"}],"wp:attachment":[{"href":"https:\/\/infovera.com.ar\/web\/wp-json\/wp\/v2\/media?parent=68444"}],"wp:term":[{"taxonomy":"category","embeddable":true,"href":"https:\/\/infovera.com.ar\/web\/wp-json\/wp\/v2\/categories?post=68444"},{"taxonomy":"post_tag","embeddable":true,"href":"https:\/\/infovera.com.ar\/web\/wp-json\/wp\/v2\/tags?post=68444"}],"curies":[{"name":"wp","href":"https:\/\/api.w.org\/{rel}","templated":true}]}}