{"id":68442,"date":"2025-12-11T07:18:34","date_gmt":"2025-12-11T10:18:34","guid":{"rendered":"https:\/\/infovera.com.ar\/web\/?p=68442"},"modified":"2025-12-11T14:06:45","modified_gmt":"2025-12-11T17:06:45","slug":"sociedad-rural-de-vera-cuestiona-una-ejecucion-fiscal-contra-el-productor-bieler-y-reclama-suspender-las-medidas-de-apremio","status":"publish","type":"post","link":"https:\/\/infovera.com.ar\/web\/2025\/12\/11\/sociedad-rural-de-vera-cuestiona-una-ejecucion-fiscal-contra-el-productor-bieler-y-reclama-suspender-las-medidas-de-apremio\/","title":{"rendered":"Sociedad Rural de Vera cuestiona una ejecuci\u00f3n fiscal contra el productor Bieler"},"content":{"rendered":"<p><strong>La Sociedad Rural de Vera expres\u00f3 p\u00fablicamente su preocupaci\u00f3n institucional ante la situaci\u00f3n que atraviesa el productor y socio Eduardo Alejandro Bieler, quien enfrenta una ejecuci\u00f3n fiscal derivada de una multa ambiental cuya validez, seg\u00fan la entidad, a\u00fan no est\u00e1 firme y permanece bajo revisi\u00f3n judicial.<\/strong><\/p>\n<p>Seg\u00fan se detall\u00f3 en el comunicado, el productor present\u00f3 los recursos correspondientes ante la Justicia provincial, motivo por el cual el gremio rural considera \u201cindispensable que se suspendan las medidas de apremio hasta que exista un pronunciamiento definitivo\u201d. Avanzar en paralelo con la ejecuci\u00f3n fiscal, advirti\u00f3 la instituci\u00f3n, afecta el debido proceso y podr\u00eda generar un perjuicio irreparable.<\/p>\n<p><strong>Multa cuestionada\u00a0<\/strong><\/p>\n<p>La Sociedad Rural remarc\u00f3 adem\u00e1s que la multa aplicada posee una magnitud \u201cque incluso supera el valor del propio predio\u201d, lo que \u2014seg\u00fan el comunicado\u2014 presenta serios cuestionamientos en t\u00e9rminos de razonabilidad y proporcionalidad. En ese marco, alertaron que la sanci\u00f3n podr\u00eda resultar confiscatoria, poniendo en riesgo la continuidad econ\u00f3mica de la familia productora involucrada.<\/p>\n<p><strong>Garant\u00edas constitucionales<\/strong><\/p>\n<p>La entidad aclar\u00f3 que mantiene un compromiso con la producci\u00f3n responsable y el cuidado ambiental, pero enfatiz\u00f3 que toda acci\u00f3n sancionatoria del Estado debe regirse por criterios de justicia, equilibrio y respeto a las garant\u00edas constitucionales.<\/p>\n<p>En este sentido, la Sociedad Rural plante\u00f3 la necesidad de generar una instancia de di\u00e1logo t\u00e9cnico entre el Ministerio de Ambiente, las entidades rurales y el productor afectado, con el prop\u00f3sito de alcanzar una soluci\u00f3n razonable y proporcional.<\/p>\n<p>En el cierre del comunicado, la instituci\u00f3n reafirm\u00f3 su defensa del Estado de Derecho y la importancia de garantizar seguridad jur\u00eddica en la regi\u00f3n. Al mismo tiempo, destacaron que proteger la actividad productiva no implica desatender los objetivos ambientales, pero que las sanciones deben ser justas y ajustadas a la ley.<\/p>\n","protected":false},"excerpt":{"rendered":"<p>La Sociedad Rural de Vera expres\u00f3 p\u00fablicamente su preocupaci\u00f3n institucional ante la situaci\u00f3n que atraviesa el productor y socio Eduardo Alejandro Bieler, quien enfrenta una ejecuci\u00f3n fiscal derivada de una multa ambiental cuya validez, seg\u00fan la entidad, a\u00fan no est\u00e1 firme y permanece bajo revisi\u00f3n judicial. Seg\u00fan se detall\u00f3 en el comunicado, el productor present\u00f3 [&hellip;]<\/p>\n","protected":false},"author":3,"featured_media":18324,"comment_status":"closed","ping_status":"closed","sticky":false,"template":"","format":"standard","meta":{"_joinchat":[],"footnotes":""},"categories":[53],"tags":[],"class_list":{"0":"post-68442","1":"post","2":"type-post","3":"status-publish","4":"format-standard","5":"has-post-thumbnail","7":"category-vera"},"_links":{"self":[{"href":"https:\/\/infovera.com.ar\/web\/wp-json\/wp\/v2\/posts\/68442","targetHints":{"allow":["GET"]}}],"collection":[{"href":"https:\/\/infovera.com.ar\/web\/wp-json\/wp\/v2\/posts"}],"about":[{"href":"https:\/\/infovera.com.ar\/web\/wp-json\/wp\/v2\/types\/post"}],"author":[{"embeddable":true,"href":"https:\/\/infovera.com.ar\/web\/wp-json\/wp\/v2\/users\/3"}],"replies":[{"embeddable":true,"href":"https:\/\/infovera.com.ar\/web\/wp-json\/wp\/v2\/comments?post=68442"}],"version-history":[{"count":0,"href":"https:\/\/infovera.com.ar\/web\/wp-json\/wp\/v2\/posts\/68442\/revisions"}],"wp:featuredmedia":[{"embeddable":true,"href":"https:\/\/infovera.com.ar\/web\/wp-json\/wp\/v2\/media\/18324"}],"wp:attachment":[{"href":"https:\/\/infovera.com.ar\/web\/wp-json\/wp\/v2\/media?parent=68442"}],"wp:term":[{"taxonomy":"category","embeddable":true,"href":"https:\/\/infovera.com.ar\/web\/wp-json\/wp\/v2\/categories?post=68442"},{"taxonomy":"post_tag","embeddable":true,"href":"https:\/\/infovera.com.ar\/web\/wp-json\/wp\/v2\/tags?post=68442"}],"curies":[{"name":"wp","href":"https:\/\/api.w.org\/{rel}","templated":true}]}}