{"id":68436,"date":"2025-12-11T09:13:38","date_gmt":"2025-12-11T12:13:38","guid":{"rendered":"https:\/\/infovera.com.ar\/web\/?p=68436"},"modified":"2025-12-12T12:00:14","modified_gmt":"2025-12-12T15:00:14","slug":"una-foto-que-hace-ruido-de-cara-al-2027","status":"publish","type":"post","link":"https:\/\/infovera.com.ar\/web\/2025\/12\/11\/una-foto-que-hace-ruido-de-cara-al-2027\/","title":{"rendered":"Una foto que hace ruido de cara al 2027"},"content":{"rendered":"<p><strong>En medio de la novelesca elecci\u00f3n de autoridades del Concejo Municipal de Vera una de las tantas im\u00e1genes del acto super\u00f3 el nivel medio de atenci\u00f3n.<\/strong><\/p>\n<p>En la ma\u00f1ana del mi\u00e9rcoles, asumieron los concejales electos del distrito Vera en una ceremonia p\u00fablica que se llev\u00f3 a cabo en el recinto de sesiones.<\/p>\n<p>Ni bien realizadas las juras correspondientes, el Cuerpo de dio a la tarea de elegir a sus autoridades, cometido que qued\u00f3 pendiente por falta de acuerdo entre los distintos bloques.<\/p>\n<p><strong>En en contexto, posaron para la foto el nuevo n\u00facleo pol\u00edtico conformado por los ediles Marcos Rubianes, Federico Moral, Claudio Bieler, y la subsecretaria de Asuntos Electorales de la provincia, Juliana Caillat.<\/strong><\/p>\n<p>De la imagen trasuntan varias cosas: la buena vibra que parece haber entre ellos, la juventud de esta dirigencia que habla de un recambio generacional en la escena p\u00fablica verense, y la capacidad de construir consensos que transciendan la coyuntura de turno.<\/p>\n<p>No escapa al c\u00famulo de aristas salientes la mu\u00f1eca pol\u00edtica de Caillat, que pudo abrochar la figura del Taca a los intereses del oficialismo vern\u00e1culo y \u00bfa su proyecto departamental?<\/p>\n<p>Por lo pronto, la foto meti\u00f3 ruido de cara al 2027, un a\u00f1o electoral que, aunque no parezca, est\u00e1 a la vuelta de la esquina.<\/p>\n","protected":false},"excerpt":{"rendered":"<p>En medio de la novelesca elecci\u00f3n de autoridades del Concejo Municipal de Vera una de las tantas im\u00e1genes del acto super\u00f3 el nivel medio de atenci\u00f3n. En la ma\u00f1ana del mi\u00e9rcoles, asumieron los concejales electos del distrito Vera en una ceremonia p\u00fablica que se llev\u00f3 a cabo en el recinto de sesiones. Ni bien realizadas [&hellip;]<\/p>\n","protected":false},"author":3,"featured_media":68441,"comment_status":"closed","ping_status":"closed","sticky":false,"template":"","format":"standard","meta":{"_joinchat":[],"footnotes":""},"categories":[53],"tags":[],"class_list":{"0":"post-68436","1":"post","2":"type-post","3":"status-publish","4":"format-standard","5":"has-post-thumbnail","7":"category-vera"},"_links":{"self":[{"href":"https:\/\/infovera.com.ar\/web\/wp-json\/wp\/v2\/posts\/68436","targetHints":{"allow":["GET"]}}],"collection":[{"href":"https:\/\/infovera.com.ar\/web\/wp-json\/wp\/v2\/posts"}],"about":[{"href":"https:\/\/infovera.com.ar\/web\/wp-json\/wp\/v2\/types\/post"}],"author":[{"embeddable":true,"href":"https:\/\/infovera.com.ar\/web\/wp-json\/wp\/v2\/users\/3"}],"replies":[{"embeddable":true,"href":"https:\/\/infovera.com.ar\/web\/wp-json\/wp\/v2\/comments?post=68436"}],"version-history":[{"count":0,"href":"https:\/\/infovera.com.ar\/web\/wp-json\/wp\/v2\/posts\/68436\/revisions"}],"wp:featuredmedia":[{"embeddable":true,"href":"https:\/\/infovera.com.ar\/web\/wp-json\/wp\/v2\/media\/68441"}],"wp:attachment":[{"href":"https:\/\/infovera.com.ar\/web\/wp-json\/wp\/v2\/media?parent=68436"}],"wp:term":[{"taxonomy":"category","embeddable":true,"href":"https:\/\/infovera.com.ar\/web\/wp-json\/wp\/v2\/categories?post=68436"},{"taxonomy":"post_tag","embeddable":true,"href":"https:\/\/infovera.com.ar\/web\/wp-json\/wp\/v2\/tags?post=68436"}],"curies":[{"name":"wp","href":"https:\/\/api.w.org\/{rel}","templated":true}]}}