{"id":68435,"date":"2025-12-11T08:52:36","date_gmt":"2025-12-11T11:52:36","guid":{"rendered":"https:\/\/infovera.com.ar\/web\/?p=68435"},"modified":"2025-12-11T08:52:36","modified_gmt":"2025-12-11T11:52:36","slug":"por-la-mayor-operatividad-policial-en-la-provincia-se-duplico-la-cantidad-de-detenciones-respecto-a-2023","status":"publish","type":"post","link":"https:\/\/infovera.com.ar\/web\/2025\/12\/11\/por-la-mayor-operatividad-policial-en-la-provincia-se-duplico-la-cantidad-de-detenciones-respecto-a-2023\/","title":{"rendered":"Por la mayor operatividad policial en la Provincia, se duplic\u00f3 la cantidad de detenciones respecto a 2023"},"content":{"rendered":"<p>El ministro de Justicia y Seguridad de Santa Fe, Pablo Cococcioni, inform\u00f3 este mi\u00e9rcoles que la Provincia duplic\u00f3 la cantidad de detenciones respecto de la gesti\u00f3n anterior, al pasar de un promedio de 1,6 nuevos presos a 3,2 por d\u00eda. El dato fue presentado ante entidades del Consejo Empresario, en un encuentro realizado en la sede rosarina de la C\u00e1mara Argentina de la Construcci\u00f3n (Camarco), en donde se analizaron los resultados del Plan de Seguridad y se defini\u00f3 una agenda conjunta con el sector privado.<\/p>\n<p data-removefontsize=\"true\" data-originalcomputedfontsize=\"18\">Cococcioni explic\u00f3 que este incremento \u201cno es casual\u201d, sino consecuencia del fortalecimiento de la operatividad policial, de la reconstrucci\u00f3n del sistema penitenciario y del trabajo coordinado con el Ministerio P\u00fablico de la Acusaci\u00f3n, potenciado por la incorporaci\u00f3n de nuevos fiscales y jueces. Tambi\u00e9n atribuy\u00f3 el avance a las reformas normativas sancionadas en los \u00faltimos dos a\u00f1os, que \u201cest\u00e1n empezando a mostrar resultados concretos\u201d.<\/p>\n<p data-removefontsize=\"true\" data-originalcomputedfontsize=\"18\">Durante la presentaci\u00f3n, el ministro repas\u00f3 que el Gobierno de Maximiliano Pullaro asumi\u00f3 con un contexto de niveles de violencia \u201cdespegados de cualquier comparaci\u00f3n nacional\u201d, con tasas de homicidios entre el doble y el triple del promedio del pa\u00eds. \u201cDentro de los homicidios, empezamos a prestar atenci\u00f3n a aquellas manifestaciones que se relacionan con la violencia interpersonal o de g\u00e9nero. Ahora, con el programa de tobilleras para controlar las perimetrales a personas denunciadas, esperamos tener una actividad fuertemente preventiva en esa materia, y, en definitiva, estructurar lo que ser\u00eda el programa normal de seguridad pasada esta primera etapa que definimos como de emergencia\u201d, afirm\u00f3 el ministro.<\/p>\n<p><img decoding=\"async\" src=\"https:\/\/ci3.googleusercontent.com\/meips\/ADKq_NYZni6Q5Wjxl-YrA3u9JdSVbhuwzoVvQF0LiCh4VgbbdC1-FMxNks1mrNwLWR-ZP7d2bZS3GwzKKYiT3DxMYCX8BXIUB9IGwDhVlkk4Mx-GpzMcFtbsSW8D6n0-vtgEGbD7VgQVa5c1V4yEQ2A=s0-d-e1-ft#https:\/\/www.santafe.gob.ar\/noticias\/recursos\/fotos\/2025\/12\/2025-12-10NID_284771O_2.jpeg\" alt=\"\" \/><\/p>\n<p data-removefontsize=\"true\" data-originalcomputedfontsize=\"18\"><strong data-removefontsize=\"true\" data-originalcomputedfontsize=\"18\">Par\u00e1metros normales<\/strong><br \/>\nSe\u00f1al\u00f3 adem\u00e1s que, gracias a la reorganizaci\u00f3n del sistema de seguridad y la investigaci\u00f3n criminal, esos indicadores \u201chan comenzado a estabilizarse dentro de par\u00e1metros normales\u201d. Indic\u00f3 adem\u00e1s que los delitos predatorios registran una reducci\u00f3n interanual del 20 %, seg\u00fan estad\u00edsticas del 911.<\/p>\n<p data-removefontsize=\"true\" data-originalcomputedfontsize=\"18\">En relaci\u00f3n con el sistema penitenciario, Cococcioni record\u00f3 que la gesti\u00f3n inici\u00f3 con un programa para construir 5 mil nuevas plazas, pero la demanda oblig\u00f3 a ampliar la escala: actualmente hay m\u00e1s de 7 mil en ejecuci\u00f3n. \u201cLa infraestructura penitenciaria es clave para sostener el aumento de detenciones y garantizar un funcionamiento adecuado del sistema penal\u201d, afirm\u00f3.<\/p>\n<p><img decoding=\"async\" src=\"https:\/\/ci3.googleusercontent.com\/meips\/ADKq_NZJbW44mc87mz4orJIrsTlGbS2mGt4txB7JPK_YWmcIjZRfDGXBIkC2gJKxbT90nKbAEIGIXbs1hKsc_Agf8BPDPrRjwqWe4bOGNOLChUHmuY-g2-kUNoX-PuKLwkYmN7gXujlEdJvwVOd_eQQ=s0-d-e1-ft#https:\/\/www.santafe.gob.ar\/noticias\/recursos\/fotos\/2025\/12\/2025-12-10NID_284771O_1.jpeg\" alt=\"\" \/><\/p>\n<p data-removefontsize=\"true\" data-originalcomputedfontsize=\"18\"><strong data-removefontsize=\"true\" data-originalcomputedfontsize=\"18\">Satisfacci\u00f3n de los empresarios<\/strong><br \/>\nDesde el sector empresario, el coordinador del Consejo, Maximiliano Ferraro, destac\u00f3 la claridad de la exposici\u00f3n y plante\u00f3 la necesidad de reforzar la prevenci\u00f3n durante las Fiestas en \u00e1reas comerciales y localidades del interior.<\/p>\n<p data-removefontsize=\"true\" data-originalcomputedfontsize=\"18\">A su turno, el gerente de Camarco delegaci\u00f3n Rosario, Rub\u00e9n Llenas, valor\u00f3 el cumplimiento en los pagos de la obra p\u00fablica penitenciaria, lo que permite que las empresas mantengan los plazos y las curvas de trabajo.<\/p>\n<p data-removefontsize=\"true\" data-originalcomputedfontsize=\"18\">El encuentro concluy\u00f3 con el compromiso de sostener reuniones peri\u00f3dicas para evaluar avances y profundizar la cooperaci\u00f3n entre el Gobierno provincial y el sector productivo<\/p>\n","protected":false},"excerpt":{"rendered":"<p>El ministro de Justicia y Seguridad de Santa Fe, Pablo Cococcioni, inform\u00f3 este mi\u00e9rcoles que la Provincia duplic\u00f3 la cantidad de detenciones respecto de la gesti\u00f3n anterior, al pasar de un promedio de 1,6 nuevos presos a 3,2 por d\u00eda. El dato fue presentado ante entidades del Consejo Empresario, en un encuentro realizado en la [&hellip;]<\/p>\n","protected":false},"author":3,"featured_media":68437,"comment_status":"closed","ping_status":"closed","sticky":false,"template":"","format":"standard","meta":{"_joinchat":[],"footnotes":""},"categories":[60],"tags":[],"class_list":{"0":"post-68435","1":"post","2":"type-post","3":"status-publish","4":"format-standard","5":"has-post-thumbnail","7":"category-provinciales"},"_links":{"self":[{"href":"https:\/\/infovera.com.ar\/web\/wp-json\/wp\/v2\/posts\/68435","targetHints":{"allow":["GET"]}}],"collection":[{"href":"https:\/\/infovera.com.ar\/web\/wp-json\/wp\/v2\/posts"}],"about":[{"href":"https:\/\/infovera.com.ar\/web\/wp-json\/wp\/v2\/types\/post"}],"author":[{"embeddable":true,"href":"https:\/\/infovera.com.ar\/web\/wp-json\/wp\/v2\/users\/3"}],"replies":[{"embeddable":true,"href":"https:\/\/infovera.com.ar\/web\/wp-json\/wp\/v2\/comments?post=68435"}],"version-history":[{"count":0,"href":"https:\/\/infovera.com.ar\/web\/wp-json\/wp\/v2\/posts\/68435\/revisions"}],"wp:featuredmedia":[{"embeddable":true,"href":"https:\/\/infovera.com.ar\/web\/wp-json\/wp\/v2\/media\/68437"}],"wp:attachment":[{"href":"https:\/\/infovera.com.ar\/web\/wp-json\/wp\/v2\/media?parent=68435"}],"wp:term":[{"taxonomy":"category","embeddable":true,"href":"https:\/\/infovera.com.ar\/web\/wp-json\/wp\/v2\/categories?post=68435"},{"taxonomy":"post_tag","embeddable":true,"href":"https:\/\/infovera.com.ar\/web\/wp-json\/wp\/v2\/tags?post=68435"}],"curies":[{"name":"wp","href":"https:\/\/api.w.org\/{rel}","templated":true}]}}