{"id":68432,"date":"2025-12-11T07:58:39","date_gmt":"2025-12-11T10:58:39","guid":{"rendered":"https:\/\/infovera.com.ar\/web\/?p=68432"},"modified":"2025-12-12T12:00:51","modified_gmt":"2025-12-12T15:00:51","slug":"asumieron-concejales-electos-en-calchaqui","status":"publish","type":"post","link":"https:\/\/infovera.com.ar\/web\/2025\/12\/11\/asumieron-concejales-electos-en-calchaqui\/","title":{"rendered":"Asumieron concejales electos en Calchaqu\u00ed"},"content":{"rendered":"<p><strong>Se realiz\u00f3 el acto de asunci\u00f3n de los concejales Pablo Perell\u00f3, Malvina Kiferling y Juan Pablo Franco.<\/strong><\/p>\n<p>El Concejo Municipal seguir\u00e1 integrado tambi\u00e9n por los concejales Wilfredo Furrer, Cecilia Baz\u00e1n y Juan Jos\u00e9 Humoller.<\/p>\n<p>Finalizaron su mandato Tamara Aquino, Graciela Hetze y Mart\u00edn Perell\u00f3.<\/p>\n","protected":false},"excerpt":{"rendered":"<p>Se realiz\u00f3 el acto de asunci\u00f3n de los concejales Pablo Perell\u00f3, Malvina Kiferling y Juan Pablo Franco. El Concejo Municipal seguir\u00e1 integrado tambi\u00e9n por los concejales Wilfredo Furrer, Cecilia Baz\u00e1n y Juan Jos\u00e9 Humoller. Finalizaron su mandato Tamara Aquino, Graciela Hetze y Mart\u00edn Perell\u00f3.<\/p>\n","protected":false},"author":3,"featured_media":68433,"comment_status":"closed","ping_status":"closed","sticky":false,"template":"","format":"standard","meta":{"_joinchat":[],"footnotes":""},"categories":[52],"tags":[],"class_list":{"0":"post-68432","1":"post","2":"type-post","3":"status-publish","4":"format-standard","5":"has-post-thumbnail","7":"category-calchaqui"},"_links":{"self":[{"href":"https:\/\/infovera.com.ar\/web\/wp-json\/wp\/v2\/posts\/68432","targetHints":{"allow":["GET"]}}],"collection":[{"href":"https:\/\/infovera.com.ar\/web\/wp-json\/wp\/v2\/posts"}],"about":[{"href":"https:\/\/infovera.com.ar\/web\/wp-json\/wp\/v2\/types\/post"}],"author":[{"embeddable":true,"href":"https:\/\/infovera.com.ar\/web\/wp-json\/wp\/v2\/users\/3"}],"replies":[{"embeddable":true,"href":"https:\/\/infovera.com.ar\/web\/wp-json\/wp\/v2\/comments?post=68432"}],"version-history":[{"count":0,"href":"https:\/\/infovera.com.ar\/web\/wp-json\/wp\/v2\/posts\/68432\/revisions"}],"wp:featuredmedia":[{"embeddable":true,"href":"https:\/\/infovera.com.ar\/web\/wp-json\/wp\/v2\/media\/68433"}],"wp:attachment":[{"href":"https:\/\/infovera.com.ar\/web\/wp-json\/wp\/v2\/media?parent=68432"}],"wp:term":[{"taxonomy":"category","embeddable":true,"href":"https:\/\/infovera.com.ar\/web\/wp-json\/wp\/v2\/categories?post=68432"},{"taxonomy":"post_tag","embeddable":true,"href":"https:\/\/infovera.com.ar\/web\/wp-json\/wp\/v2\/tags?post=68432"}],"curies":[{"name":"wp","href":"https:\/\/api.w.org\/{rel}","templated":true}]}}