{"id":68418,"date":"2025-12-10T13:19:52","date_gmt":"2025-12-10T16:19:52","guid":{"rendered":"https:\/\/infovera.com.ar\/web\/?p=68418"},"modified":"2025-12-11T10:21:20","modified_gmt":"2025-12-11T13:21:20","slug":"cuarto-intermedio-javier-barbona-fue-elegido-presidente-pero-el-oficialismo-cuestiono-la-eleccion","status":"publish","type":"post","link":"https:\/\/infovera.com.ar\/web\/2025\/12\/10\/cuarto-intermedio-javier-barbona-fue-elegido-presidente-pero-el-oficialismo-cuestiono-la-eleccion\/","title":{"rendered":"Cuarto intermedio: Javier Barbona fue elegido presidente, pero el oficialismo cuestion\u00f3 la elecci\u00f3n y habr\u00e1 que esperar"},"content":{"rendered":"<p><strong>La elecci\u00f3n del presidente del Concejo Municipal de Vera pas\u00f3 a cuarto intermedio hasta el lunes 15 a las 19.<\/strong><\/p>\n<p>Esta ma\u00f1ana asumieron sus bancas los concejales electos Marcos Rubianes, Javier Barbona y Claudio Bieler en una sesi\u00f3n llevada a cabo en el recinto de sesiones.<\/p>\n<p>Enseguida, el Cuerpo se dio a la tarea de elegir sus autoridades por el periodo que va hasta el 10 de diciembre de 2026.<\/p>\n<p>La novela pol\u00edtica que transcurri\u00f3 desde hace d\u00edas no tuvo final feliz.<\/p>\n<p>Mientras Bieler -para sorpresa de muchos-, Moral y Rubianes votaron por este \u00faltimo para presidir el Legislativo, enfrente Souilh\u00e9, Capello y Barbona se inclinaron por elegir al representante de Sumemos Esfuerzos para encabezar el Concejo.<\/p>\n<p>Ante ese empate, desempat\u00f3 el edil Souilh\u00e9 -presidente pro t\u00e9mpore y con supuesto derecho a ejercer el voto en caso de paridad- en favor de Javier Barbona.<\/p>\n<p>El oficialismo cuestion\u00f3 la acci\u00f3n por entender que la misma no se ajusta al reglamento estipulado por ley: el llamado en la jerga &#8220;doble voto&#8221; solo es legal en el marco de sesiones ordinarias, y no para la elecci\u00f3n de cargos internos, aleg\u00f3 el bloque de Vera Vive.<\/p>\n<p>Souilh\u00e9 dijo a <strong>InfoVera<\/strong> que se ampar\u00f3 en una modificatoria de la ley de Municipios y Comunas para defender su voto decisor.<\/p>\n<p>Las partes no pudieron ponerse acuerdo y resolvieron pasar a un cuarto intermedio hasta el lunes 15, a las 19, y solicitar a la Secretar\u00eda de Municipios y Comunas de la provincia un dictamen que indique a cu\u00e1l de las dos le asiste la raz\u00f3n.<\/p>\n<p><a href=\"https:\/\/infovera.com.ar\/web\/wp-content\/uploads\/2025\/12\/mod.jpg\"><img loading=\"lazy\" decoding=\"async\" class=\"alignleft size-full wp-image-68424\" src=\"https:\/\/infovera.com.ar\/web\/wp-content\/uploads\/2025\/12\/mod.jpg\" alt=\"\" width=\"1280\" height=\"591\" srcset=\"https:\/\/infovera.com.ar\/web\/wp-content\/uploads\/2025\/12\/mod.jpg 1280w, https:\/\/infovera.com.ar\/web\/wp-content\/uploads\/2025\/12\/mod-910x420.jpg 910w, https:\/\/infovera.com.ar\/web\/wp-content\/uploads\/2025\/12\/mod-696x321.jpg 696w, https:\/\/infovera.com.ar\/web\/wp-content\/uploads\/2025\/12\/mod-1068x493.jpg 1068w\" sizes=\"auto, (max-width: 1280px) 100vw, 1280px\" \/><\/a><\/p>\n","protected":false},"excerpt":{"rendered":"<p>La elecci\u00f3n del presidente del Concejo Municipal de Vera pas\u00f3 a cuarto intermedio hasta el lunes 15 a las 19. Esta ma\u00f1ana asumieron sus bancas los concejales electos Marcos Rubianes, Javier Barbona y Claudio Bieler en una sesi\u00f3n llevada a cabo en el recinto de sesiones. Enseguida, el Cuerpo se dio a la tarea de [&hellip;]<\/p>\n","protected":false},"author":3,"featured_media":68423,"comment_status":"closed","ping_status":"closed","sticky":false,"template":"","format":"standard","meta":{"_joinchat":[],"footnotes":""},"categories":[53],"tags":[],"class_list":{"0":"post-68418","1":"post","2":"type-post","3":"status-publish","4":"format-standard","5":"has-post-thumbnail","7":"category-vera"},"_links":{"self":[{"href":"https:\/\/infovera.com.ar\/web\/wp-json\/wp\/v2\/posts\/68418","targetHints":{"allow":["GET"]}}],"collection":[{"href":"https:\/\/infovera.com.ar\/web\/wp-json\/wp\/v2\/posts"}],"about":[{"href":"https:\/\/infovera.com.ar\/web\/wp-json\/wp\/v2\/types\/post"}],"author":[{"embeddable":true,"href":"https:\/\/infovera.com.ar\/web\/wp-json\/wp\/v2\/users\/3"}],"replies":[{"embeddable":true,"href":"https:\/\/infovera.com.ar\/web\/wp-json\/wp\/v2\/comments?post=68418"}],"version-history":[{"count":0,"href":"https:\/\/infovera.com.ar\/web\/wp-json\/wp\/v2\/posts\/68418\/revisions"}],"wp:featuredmedia":[{"embeddable":true,"href":"https:\/\/infovera.com.ar\/web\/wp-json\/wp\/v2\/media\/68423"}],"wp:attachment":[{"href":"https:\/\/infovera.com.ar\/web\/wp-json\/wp\/v2\/media?parent=68418"}],"wp:term":[{"taxonomy":"category","embeddable":true,"href":"https:\/\/infovera.com.ar\/web\/wp-json\/wp\/v2\/categories?post=68418"},{"taxonomy":"post_tag","embeddable":true,"href":"https:\/\/infovera.com.ar\/web\/wp-json\/wp\/v2\/tags?post=68418"}],"curies":[{"name":"wp","href":"https:\/\/api.w.org\/{rel}","templated":true}]}}