{"id":68413,"date":"2025-12-10T10:18:00","date_gmt":"2025-12-10T13:18:00","guid":{"rendered":"https:\/\/infovera.com.ar\/web\/?p=68413"},"modified":"2025-12-10T10:18:00","modified_gmt":"2025-12-10T13:18:00","slug":"felipe-michlig-tomo-juramento-por-la-nueva-constitucion-provincial-a-autoridades-del-departamento-san-cristobal","status":"publish","type":"post","link":"https:\/\/infovera.com.ar\/web\/2025\/12\/10\/felipe-michlig-tomo-juramento-por-la-nueva-constitucion-provincial-a-autoridades-del-departamento-san-cristobal\/","title":{"rendered":"Felipe Michlig tom\u00f3 juramento por la Nueva Constituci\u00f3n Provincial a autoridades del departamento San Crist\u00f3bal"},"content":{"rendered":"<p>Este martes, en la ciudad de San Crist\u00f3bal, Felipe Michlig en calidad de Presidente Provisional del Senado (segunda autoridad provincial) y Presidente de la Convenci\u00f3n Reformadora de la Constituci\u00f3n Provincial del 25\u2019, encabez\u00f3 la ceremonia oficial de juramento de la nueva Carta Magna y entrega de diplomas del Tribunal Electoral a las autoridades electas del departamento San Crist\u00f3bal, entre ellas, intendentes, presidentes comunales, concejales y miembros de comisiones comunales.<\/p>\n<p>Al final del masivo acto, desarrollado en el Sal\u00f3n Social del Club Unidad Sancristobalense, tambi\u00e9n se entregaron distinciones especiales a autoridades que culminan su mandato y\/o se destacaron por su dedicaci\u00f3n, servicio comunitario y aporte al fortalecimiento democr\u00e1tico.<\/p>\n<p>Durante el acto tambi\u00e9n se destac\u00f3 la presencia del Diputado Provincial Marcelo Gonz\u00e1lez, autoridades entrantes y salientes de los 32 distritos del departamento, el Jefe y subjefe de polic\u00edas de la URXIII, representantes de entidades intermedias, medios de comunicaci\u00f3n, entre otros.<\/p>\n<p><strong>Jura de Autoridades y Entrega de la Nueva Constituci\u00f3n<\/strong><\/p>\n<p>Conforme al mecanismo implementado tras la sanci\u00f3n de la nueva Carta Magna,\u00a0todas las autoridades municipales, comunales, concejales y representantes institucionales del departamento prestaron juramento ante la m\u00e1xima autoridad de la Convenci\u00f3n Reformadora, al igual que lo hicieran autoridades de los dem\u00e1s poderes del Estado Provincial, entre ellos, el propio Gobernador Maximiliano Pullaro.<\/p>\n<p>Michlig\u00a0agradeci\u00f3 especialmente \u201cla presencia de casi la totalidad de los intendentes, presidentes comunales y autoridades electas,\u00a0as\u00ed como de las instituciones de la ciudad de San Crist\u00f3bal, a quienes elogi\u00f3 por su labor permanente en materia de contenci\u00f3n, inclusi\u00f3n y construcci\u00f3n comunitaria\u201d.\u00a0Tambi\u00e9n, extendi\u00f3 su reconocimiento a \u201clas autoridades de distintos organismos del Estado, destacando la presencia de la Polic\u00eda y del Hospital de la cabecera departamental,\u00a0agradeciendo su labor y compromiso con la comunidad\u201d.<\/p>\n<p><strong>Entrega de diplomas a autoridades electas<\/strong><\/p>\n<p>Asimismo, se procedi\u00f3 a la\u00a0entrega de diplomas, del Certificado del Tribunal Electoral y de un ejemplar de la nueva Constituci\u00f3n Provincial\u00a0a cada municipio, comuna, concejo deliberante e instituci\u00f3n presente, formalizando as\u00ed el inicio de este nuevo ciclo institucional definido por la reforma.<\/p>\n<p>De manera especial, prestaron juramento los intendentes del departamento:\u00a0Alejandra Andrea Dupouy (Ceres), Romina L\u00f3pez (San Guillermo) y Leandro Carlos Galtaldi (Intendente electo de Suardi).<\/p>\n<p><strong>Reconocimiento a Dirigentes que Concluyen su Gesti\u00f3n<\/strong><\/p>\n<p>En continuidad con los lineamientos de la\u00a0nueva Constituci\u00f3n y fortaleciendo la institucionalidad democr\u00e1tica, el Senador Michlig y el Diputado Gonz\u00e1lez efectuaron un reconocimiento p\u00fablico a autoridades que culminan su mandato, destacando su dedicaci\u00f3n y servicio comunitario. Fueron distinguidos:<\/p>\n<p>-Hugo Antonio Boscarol,\u00a0primer Intendente de Suardi,\u00a0varias veces reelecto presidente comunal y luego intendente, reconocido por su trayectoria pol\u00edtica y su calidad humana.<br \/>\n-H\u00e9ctor Luis Barbaglia, Presidente Comunal de \u00d1anducita,<br \/>\npor su acompa\u00f1amiento a las gestiones de crecimiento del distrito.<br \/>\n\u2013Cristian Hugo Suppo, de Villa Trinidad, reconocimiento recibido por el Presidente Comunal electo Jos\u00e9 Luis S\u00e1nchez.<br \/>\n-Daniel Antonio Boscarol, de Monte Oscuridad, por el cumplimiento de un nuevo per\u00edodo constitucional.<br \/>\nTodos ellos recibieron el reconocimiento de sus comunidades y de los Legisladores Provinciales,\u00a0en agradecimiento por los a\u00f1os de trabajo, compromiso y vocaci\u00f3n de servicio.<\/p>\n<p><strong>Reconocimiento a Felipe Michlig<\/strong><\/p>\n<p>Finalmente,\u00a0el diputado Gonz\u00e1lez en nombre de todos los presentes entrego una distinci\u00f3n especial al presidente de la Convenci\u00f3n,\u00a0como s\u00edmbolo de reconocimiento a\u00a0su liderazgo y al trabajo\u00a0realizado durante todo el proceso de reforma constitucional.<\/p>\n<p>\u201cQuiero\u00a0valorar especialmente el liderazgo del Senador Felipe Michlig, quien ha llevado adelante con enorme responsabilidad y\u00a0compromiso el proceso de la nueva Constituci\u00f3n Provincial.\u00a0Su trabajo, su capacidad de di\u00e1logo y su visi\u00f3n federal hicieron posible que hoy estemos viviendo este hecho hist\u00f3rico. Esta jura en todo el departamento refleja la importancia institucional de la reforma y el firme compromiso del Senador Michlig con cada comunidad.\u00a0Es un orgullo acompa\u00f1arlo en este tiempo donde la provincia inicia una etapa m\u00e1s moderna, participativa y profundamente democr\u00e1tica\u201d.<\/p>\n<p>En su mensaje, el Senador\u00a0Felipe Michlig expres\u00f3 su profundo agradecimiento y destac\u00f3 el valor del acompa\u00f1amiento comunitario en esta hist\u00f3rica jornada.\u00a0Subray\u00f3 que el reconocimiento siempre es gratificante, \u201cuna caricia al alma\u201d, pero remarc\u00f3 que los cargos p\u00fablicos deben ejercerse con humildad, entendiendo que cada responsabilidad es posible gracias a la confianza de la gente.<\/p>\n","protected":false},"excerpt":{"rendered":"<p>Este martes, en la ciudad de San Crist\u00f3bal, Felipe Michlig en calidad de Presidente Provisional del Senado (segunda autoridad provincial) y Presidente de la Convenci\u00f3n Reformadora de la Constituci\u00f3n Provincial del 25\u2019, encabez\u00f3 la ceremonia oficial de juramento de la nueva Carta Magna y entrega de diplomas del Tribunal Electoral a las autoridades electas del [&hellip;]<\/p>\n","protected":false},"author":3,"featured_media":68414,"comment_status":"closed","ping_status":"closed","sticky":false,"template":"","format":"standard","meta":{"_joinchat":[],"footnotes":""},"categories":[60],"tags":[],"class_list":{"0":"post-68413","1":"post","2":"type-post","3":"status-publish","4":"format-standard","5":"has-post-thumbnail","7":"category-provinciales"},"_links":{"self":[{"href":"https:\/\/infovera.com.ar\/web\/wp-json\/wp\/v2\/posts\/68413","targetHints":{"allow":["GET"]}}],"collection":[{"href":"https:\/\/infovera.com.ar\/web\/wp-json\/wp\/v2\/posts"}],"about":[{"href":"https:\/\/infovera.com.ar\/web\/wp-json\/wp\/v2\/types\/post"}],"author":[{"embeddable":true,"href":"https:\/\/infovera.com.ar\/web\/wp-json\/wp\/v2\/users\/3"}],"replies":[{"embeddable":true,"href":"https:\/\/infovera.com.ar\/web\/wp-json\/wp\/v2\/comments?post=68413"}],"version-history":[{"count":0,"href":"https:\/\/infovera.com.ar\/web\/wp-json\/wp\/v2\/posts\/68413\/revisions"}],"wp:featuredmedia":[{"embeddable":true,"href":"https:\/\/infovera.com.ar\/web\/wp-json\/wp\/v2\/media\/68414"}],"wp:attachment":[{"href":"https:\/\/infovera.com.ar\/web\/wp-json\/wp\/v2\/media?parent=68413"}],"wp:term":[{"taxonomy":"category","embeddable":true,"href":"https:\/\/infovera.com.ar\/web\/wp-json\/wp\/v2\/categories?post=68413"},{"taxonomy":"post_tag","embeddable":true,"href":"https:\/\/infovera.com.ar\/web\/wp-json\/wp\/v2\/tags?post=68413"}],"curies":[{"name":"wp","href":"https:\/\/api.w.org\/{rel}","templated":true}]}}