{"id":68408,"date":"2025-12-10T10:06:17","date_gmt":"2025-12-10T13:06:17","guid":{"rendered":"https:\/\/infovera.com.ar\/web\/?p=68408"},"modified":"2025-12-11T09:49:27","modified_gmt":"2025-12-11T12:49:27","slug":"la-unidad-regional-xix-recibio-una-camioneta-o-km","status":"publish","type":"post","link":"https:\/\/infovera.com.ar\/web\/2025\/12\/10\/la-unidad-regional-xix-recibio-una-camioneta-o-km\/","title":{"rendered":"La Unidad Regional XIX recibi\u00f3 una camioneta O KM"},"content":{"rendered":"<p><strong>Durante la ma\u00f1ana de hoy, se hizo presente en la sede de la Jefatura de la Unidad Regional <\/strong><strong>XIX el coordinador del Ministerio de Justicia y Seguridad Director, Lino Segretin quien present\u00f3 la nueva unidad m\u00f3vil 0 kil\u00f3metro destinada a la jefatura.<\/strong><\/p>\n<p>Estuvo presentes la intendenta de la ciudad de Vera Ing. Paula Carolina Mitre, en representaci\u00f3n del senador provincial por el departamento Vera el colaborador Rub\u00e9n Senn.<\/p>\n<p>La camioneta Ford Maverick XLT 2.0 GTDI 4X4 AT 0 km. adaptada para el policiamiento fue recibida por el jefe de la Unidad Regional XIX, Eduardo Javier Arias, a quien<br \/>\nacompa\u00f1aron el subjefe Dar\u00edo Javier Lacuadra, la Plana Mayor y Plana Mayor Especial de la Unidad Regional XIX.<\/p>\n","protected":false},"excerpt":{"rendered":"<p>Durante la ma\u00f1ana de hoy, se hizo presente en la sede de la Jefatura de la Unidad Regional XIX el coordinador del Ministerio de Justicia y Seguridad Director, Lino Segretin quien present\u00f3 la nueva unidad m\u00f3vil 0 kil\u00f3metro destinada a la jefatura. Estuvo presentes la intendenta de la ciudad de Vera Ing. Paula Carolina Mitre, [&hellip;]<\/p>\n","protected":false},"author":3,"featured_media":68410,"comment_status":"closed","ping_status":"closed","sticky":false,"template":"","format":"standard","meta":{"_joinchat":[],"footnotes":""},"categories":[53],"tags":[],"class_list":{"0":"post-68408","1":"post","2":"type-post","3":"status-publish","4":"format-standard","5":"has-post-thumbnail","7":"category-vera"},"_links":{"self":[{"href":"https:\/\/infovera.com.ar\/web\/wp-json\/wp\/v2\/posts\/68408","targetHints":{"allow":["GET"]}}],"collection":[{"href":"https:\/\/infovera.com.ar\/web\/wp-json\/wp\/v2\/posts"}],"about":[{"href":"https:\/\/infovera.com.ar\/web\/wp-json\/wp\/v2\/types\/post"}],"author":[{"embeddable":true,"href":"https:\/\/infovera.com.ar\/web\/wp-json\/wp\/v2\/users\/3"}],"replies":[{"embeddable":true,"href":"https:\/\/infovera.com.ar\/web\/wp-json\/wp\/v2\/comments?post=68408"}],"version-history":[{"count":0,"href":"https:\/\/infovera.com.ar\/web\/wp-json\/wp\/v2\/posts\/68408\/revisions"}],"wp:featuredmedia":[{"embeddable":true,"href":"https:\/\/infovera.com.ar\/web\/wp-json\/wp\/v2\/media\/68410"}],"wp:attachment":[{"href":"https:\/\/infovera.com.ar\/web\/wp-json\/wp\/v2\/media?parent=68408"}],"wp:term":[{"taxonomy":"category","embeddable":true,"href":"https:\/\/infovera.com.ar\/web\/wp-json\/wp\/v2\/categories?post=68408"},{"taxonomy":"post_tag","embeddable":true,"href":"https:\/\/infovera.com.ar\/web\/wp-json\/wp\/v2\/tags?post=68408"}],"curies":[{"name":"wp","href":"https:\/\/api.w.org\/{rel}","templated":true}]}}