{"id":68405,"date":"2025-12-10T10:00:24","date_gmt":"2025-12-10T13:00:24","guid":{"rendered":"https:\/\/infovera.com.ar\/web\/?p=68405"},"modified":"2025-12-11T07:59:11","modified_gmt":"2025-12-11T10:59:11","slug":"vera-encendio-su-tradicional-arbolito-de-navidad","status":"publish","type":"post","link":"https:\/\/infovera.com.ar\/web\/2025\/12\/10\/vera-encendio-su-tradicional-arbolito-de-navidad\/","title":{"rendered":"Vera encendi\u00f3 su tradicional Arbolito de Navidad"},"content":{"rendered":"<p><strong>Ayer por la noche, la ciudad de Vera vivi\u00f3 un momento emotivo y festivo con el tradicional encendido de su arbolito de Navidad.<\/strong><\/p>\n<p>Cerca de las 19 horas, una gran cantidad de vecinos comenz\u00f3 a congregarse en la calle Corrientes, esperando pacientemente el inicio del evento que cada a\u00f1o marca la previa de las fiestas de fin de a\u00f1o.<\/p>\n<p>Aunque la invitaci\u00f3n oficial era a las 20:00 hs, y la calle fue cortada al tr\u00e1nsito a las 19:00 hs, el momento esperado lleg\u00f3 puntualmente a las 21:00 hs, cuando miles de luces se encendieron.<\/p>\n<p>Estuvo presente la &#8220;Banda de M\u00fasica Ciudad de Vera&#8221; y la presentaci\u00f3n de danza del grupo Meraki, con Wilson y Mica.<\/p>\n<p>Es fundamental reconocer y destacar el esfuerzo y la dedicaci\u00f3n del equipo encargado de la construcci\u00f3n de la estructura. La obra requiri\u00f3 el uso de cientos de metros de luces y horas de trabajo a contrarreloj y contra los mosquitos. Bajo la supervisi\u00f3n de Eduardo Perot y Cesar Lugo trabajaron los equipos de Piri Linares y Ever Wellig.<\/p>\n<p>Jorge del Barco<\/p>\n","protected":false},"excerpt":{"rendered":"<p>Ayer por la noche, la ciudad de Vera vivi\u00f3 un momento emotivo y festivo con el tradicional encendido de su arbolito de Navidad. Cerca de las 19 horas, una gran cantidad de vecinos comenz\u00f3 a congregarse en la calle Corrientes, esperando pacientemente el inicio del evento que cada a\u00f1o marca la previa de las fiestas [&hellip;]<\/p>\n","protected":false},"author":3,"featured_media":68406,"comment_status":"closed","ping_status":"closed","sticky":false,"template":"","format":"standard","meta":{"_joinchat":[],"footnotes":""},"categories":[53],"tags":[],"class_list":{"0":"post-68405","1":"post","2":"type-post","3":"status-publish","4":"format-standard","5":"has-post-thumbnail","7":"category-vera"},"_links":{"self":[{"href":"https:\/\/infovera.com.ar\/web\/wp-json\/wp\/v2\/posts\/68405","targetHints":{"allow":["GET"]}}],"collection":[{"href":"https:\/\/infovera.com.ar\/web\/wp-json\/wp\/v2\/posts"}],"about":[{"href":"https:\/\/infovera.com.ar\/web\/wp-json\/wp\/v2\/types\/post"}],"author":[{"embeddable":true,"href":"https:\/\/infovera.com.ar\/web\/wp-json\/wp\/v2\/users\/3"}],"replies":[{"embeddable":true,"href":"https:\/\/infovera.com.ar\/web\/wp-json\/wp\/v2\/comments?post=68405"}],"version-history":[{"count":0,"href":"https:\/\/infovera.com.ar\/web\/wp-json\/wp\/v2\/posts\/68405\/revisions"}],"wp:featuredmedia":[{"embeddable":true,"href":"https:\/\/infovera.com.ar\/web\/wp-json\/wp\/v2\/media\/68406"}],"wp:attachment":[{"href":"https:\/\/infovera.com.ar\/web\/wp-json\/wp\/v2\/media?parent=68405"}],"wp:term":[{"taxonomy":"category","embeddable":true,"href":"https:\/\/infovera.com.ar\/web\/wp-json\/wp\/v2\/categories?post=68405"},{"taxonomy":"post_tag","embeddable":true,"href":"https:\/\/infovera.com.ar\/web\/wp-json\/wp\/v2\/tags?post=68405"}],"curies":[{"name":"wp","href":"https:\/\/api.w.org\/{rel}","templated":true}]}}