{"id":68402,"date":"2025-12-10T09:56:17","date_gmt":"2025-12-10T12:56:17","guid":{"rendered":"https:\/\/infovera.com.ar\/web\/?p=68402"},"modified":"2025-12-11T07:59:55","modified_gmt":"2025-12-11T10:59:55","slug":"el-chino-maidana-visito-a-pullaro","status":"publish","type":"post","link":"https:\/\/infovera.com.ar\/web\/2025\/12\/10\/el-chino-maidana-visito-a-pullaro\/","title":{"rendered":"El Chino Maidana visit\u00f3 a Pullaro"},"content":{"rendered":"<p><strong>El ex campe\u00f3n mundial Marcos \u201cChino\u201d Maidana visit\u00f3 en las \u00faltimas horas al gobernador de Santa Fe, Maximiliano Pullaro. Tras el encuentro, el boxeador public\u00f3 en su cuenta de Instagram: \u201cHoy visit\u00e9 al mejor gobernador de la provincia de Santa Fe @maxipullaro. Aguante el boxeo \u201d.<\/strong><\/p>\n<p>La relaci\u00f3n entre ambos no es nueva. Pullaro ha expresado p\u00fablicamente en diversas oportunidades su aprecio por Maidana, a quien considera \u201cun ejemplo tanto en el deporte como en la vida\u201d. El mandatario provincial, adem\u00e1s, practic\u00f3 boxeo amateur en su juventud, deporte por el que mantiene una fuerte afinidad. Incluso ha bromeado en ocasiones sobre la posibilidad de un \u201cdesaf\u00edo\u201d deportivo con el ex campe\u00f3n, siempre en un tono amistoso,, acontecimiento que fue tomado por Calchaqu\u00ed en el Mundo.<\/p>\n<p>La reuni\u00f3n con el gobernador Pullaro vuelve a poner en escena la conexi\u00f3n entre ambos y el inter\u00e9s compartido por fomentar el desarrollo del boxeo en Santa Fe.<\/p>\n<p>En los corrillos pol\u00edticos, apenas difundida la foto, volvi\u00f3 a tomar fuerza una rumor que ya hab\u00eda corrido tiempo atr\u00e1s: que el Chino podr\u00eda ser candidato \u00bfa senador? del oficialismo provincial.<\/p>\n<p>Por ahora qued\u00f3 en eso. El tiempo dir\u00e1 si solo fue una hip\u00f3tesis de los mentideros pol\u00edticos o si esa posibilidad de vuelve realidad.<\/p>\n","protected":false},"excerpt":{"rendered":"<p>El ex campe\u00f3n mundial Marcos \u201cChino\u201d Maidana visit\u00f3 en las \u00faltimas horas al gobernador de Santa Fe, Maximiliano Pullaro. Tras el encuentro, el boxeador public\u00f3 en su cuenta de Instagram: \u201cHoy visit\u00e9 al mejor gobernador de la provincia de Santa Fe @maxipullaro. Aguante el boxeo \u201d. La relaci\u00f3n entre ambos no es nueva. Pullaro ha [&hellip;]<\/p>\n","protected":false},"author":3,"featured_media":68403,"comment_status":"closed","ping_status":"closed","sticky":false,"template":"","format":"standard","meta":{"_joinchat":[],"footnotes":""},"categories":[31,51],"tags":[],"class_list":{"0":"post-68402","1":"post","2":"type-post","3":"status-publish","4":"format-standard","5":"has-post-thumbnail","7":"category-deportes","8":"category-locales"},"_links":{"self":[{"href":"https:\/\/infovera.com.ar\/web\/wp-json\/wp\/v2\/posts\/68402","targetHints":{"allow":["GET"]}}],"collection":[{"href":"https:\/\/infovera.com.ar\/web\/wp-json\/wp\/v2\/posts"}],"about":[{"href":"https:\/\/infovera.com.ar\/web\/wp-json\/wp\/v2\/types\/post"}],"author":[{"embeddable":true,"href":"https:\/\/infovera.com.ar\/web\/wp-json\/wp\/v2\/users\/3"}],"replies":[{"embeddable":true,"href":"https:\/\/infovera.com.ar\/web\/wp-json\/wp\/v2\/comments?post=68402"}],"version-history":[{"count":0,"href":"https:\/\/infovera.com.ar\/web\/wp-json\/wp\/v2\/posts\/68402\/revisions"}],"wp:featuredmedia":[{"embeddable":true,"href":"https:\/\/infovera.com.ar\/web\/wp-json\/wp\/v2\/media\/68403"}],"wp:attachment":[{"href":"https:\/\/infovera.com.ar\/web\/wp-json\/wp\/v2\/media?parent=68402"}],"wp:term":[{"taxonomy":"category","embeddable":true,"href":"https:\/\/infovera.com.ar\/web\/wp-json\/wp\/v2\/categories?post=68402"},{"taxonomy":"post_tag","embeddable":true,"href":"https:\/\/infovera.com.ar\/web\/wp-json\/wp\/v2\/tags?post=68402"}],"curies":[{"name":"wp","href":"https:\/\/api.w.org\/{rel}","templated":true}]}}