{"id":68393,"date":"2025-12-09T19:30:40","date_gmt":"2025-12-09T22:30:40","guid":{"rendered":"https:\/\/infovera.com.ar\/web\/?p=68393"},"modified":"2025-12-10T14:02:14","modified_gmt":"2025-12-10T17:02:14","slug":"los-carnavales-2026-tendran-tres-noches-7-14-y-21-de-febrero","status":"publish","type":"post","link":"https:\/\/infovera.com.ar\/web\/2025\/12\/09\/los-carnavales-2026-tendran-tres-noches-7-14-y-21-de-febrero\/","title":{"rendered":"Los Carnavales 2026 tendr\u00e1n tres noches: 7, 14 y 21 de febrero"},"content":{"rendered":"<p>Se lanz\u00f3 oficialmente el Carnaval de Vera 2026 en la Casa de la Cultura<\/p>\n<p>En la tarde de hoy, en la Casa de la Cultura, se realiz\u00f3 el lanzamiento oficial del Carnaval de Vera 2026, uno de los eventos m\u00e1s esperados del calendario social y tur\u00edstico de la ciudad. La presentaci\u00f3n estuvo encabezada por la Comisi\u00f3n Organizadora, junto a referentes municipales y representantes de las comparsas locales, quienes brindaron detalles de la nueva edici\u00f3n.<\/p>\n<p>Seg\u00fan lo anunciado, el carnaval se desarrollar\u00e1 los d\u00edas 7, 14 y 21 de febrero, a partir de las 21:00, nuevamente sobre la tradicional traza de calle San Mart\u00edn, que volver\u00e1 a convertirse en el cors\u00f3dromo a cielo abierto m\u00e1s convocante de la regi\u00f3n. La Comisi\u00f3n adelant\u00f3 que las entradas y los puntos de venta ser\u00e1n definidos en las pr\u00f3ximas semanas, en funci\u00f3n del contexto inflacionario y la coordinaci\u00f3n log\u00edstica.<\/p>\n<p>Este a\u00f1o, el espect\u00e1culo contar\u00e1 con la participaci\u00f3n de seis comparsas, todas en regla y con personer\u00eda jur\u00eddica vigente. Cada una conservar\u00e1 su esquina hist\u00f3rica, donde montar\u00e1 su buffet como es costumbre, fortaleciendo as\u00ed la identidad y la tradici\u00f3n de cada agrupaci\u00f3n.<\/p>\n<p>En cuanto a la organizaci\u00f3n general del evento, la Comisi\u00f3n inform\u00f3 que se presentaron tres empresas interesadas en asumir la producci\u00f3n integral. Tras el an\u00e1lisis de propuestas, se decidi\u00f3 adjudicar la responsabilidad a Fede Su\u00e1rez y \u00c1lvarez, quienes estar\u00e1n al frente de la coordinaci\u00f3n t\u00e9cnica, art\u00edstica y operativa.<\/p>\n<p>Uno de los anuncios m\u00e1s destacados fue la elaboraci\u00f3n de una ordenanza espec\u00edfica que regular\u00e1 el espacio libre destinado al p\u00fablico, permitiendo que los asistentes puedan llevar sus propias sillas, siempre respetando las \u00e1reas asignadas a los buffets de las comparsas. Esta medida busca mejorar la convivencia, la comodidad y la organizaci\u00f3n del espect\u00e1culo.<\/p>\n<p>Adem\u00e1s, se confirm\u00f3 la realizaci\u00f3n de un \u201cpre carnaval\u201d, instancia previa donde las comparsas presentar\u00e1n sus batucadas, bastoneras, embajadoras y el tema que cada una desarrollar\u00e1 durante el desfile oficial. Este anticipo tendr\u00e1 como objetivo generar expectativa, fomentar la participaci\u00f3n comunitaria y ofrecer una primera muestra del trabajo creativo realizado durante el a\u00f1o.<\/p>\n<p>Por \u00faltimo, desde el municipio se asegur\u00f3 que se garantizar\u00e1n todos los servicios habituales, tal como ocurre en cada edici\u00f3n: seguridad, limpieza, ordenamiento del tr\u00e1nsito y asistencia operativa.<\/p>\n<p>Con el entusiasmo renovado y una propuesta que combina tradici\u00f3n, organizaci\u00f3n y novedades, el Carnaval de Vera 2026 comienza a tomar forma, prometiendo tres noches de brillo, m\u00fasica y alegr\u00eda para toda la comunidad.<\/p>\n","protected":false},"excerpt":{"rendered":"<p>Se lanz\u00f3 oficialmente el Carnaval de Vera 2026 en la Casa de la Cultura En la tarde de hoy, en la Casa de la Cultura, se realiz\u00f3 el lanzamiento oficial del Carnaval de Vera 2026, uno de los eventos m\u00e1s esperados del calendario social y tur\u00edstico de la ciudad. La presentaci\u00f3n estuvo encabezada por la [&hellip;]<\/p>\n","protected":false},"author":3,"featured_media":68400,"comment_status":"closed","ping_status":"closed","sticky":false,"template":"","format":"standard","meta":{"_joinchat":[],"footnotes":""},"categories":[40,53],"tags":[],"class_list":{"0":"post-68393","1":"post","2":"type-post","3":"status-publish","4":"format-standard","5":"has-post-thumbnail","7":"category-cultura","8":"category-vera"},"_links":{"self":[{"href":"https:\/\/infovera.com.ar\/web\/wp-json\/wp\/v2\/posts\/68393","targetHints":{"allow":["GET"]}}],"collection":[{"href":"https:\/\/infovera.com.ar\/web\/wp-json\/wp\/v2\/posts"}],"about":[{"href":"https:\/\/infovera.com.ar\/web\/wp-json\/wp\/v2\/types\/post"}],"author":[{"embeddable":true,"href":"https:\/\/infovera.com.ar\/web\/wp-json\/wp\/v2\/users\/3"}],"replies":[{"embeddable":true,"href":"https:\/\/infovera.com.ar\/web\/wp-json\/wp\/v2\/comments?post=68393"}],"version-history":[{"count":0,"href":"https:\/\/infovera.com.ar\/web\/wp-json\/wp\/v2\/posts\/68393\/revisions"}],"wp:featuredmedia":[{"embeddable":true,"href":"https:\/\/infovera.com.ar\/web\/wp-json\/wp\/v2\/media\/68400"}],"wp:attachment":[{"href":"https:\/\/infovera.com.ar\/web\/wp-json\/wp\/v2\/media?parent=68393"}],"wp:term":[{"taxonomy":"category","embeddable":true,"href":"https:\/\/infovera.com.ar\/web\/wp-json\/wp\/v2\/categories?post=68393"},{"taxonomy":"post_tag","embeddable":true,"href":"https:\/\/infovera.com.ar\/web\/wp-json\/wp\/v2\/tags?post=68393"}],"curies":[{"name":"wp","href":"https:\/\/api.w.org\/{rel}","templated":true}]}}