{"id":68382,"date":"2025-12-09T08:45:36","date_gmt":"2025-12-09T11:45:36","guid":{"rendered":"https:\/\/infovera.com.ar\/web\/?p=68382"},"modified":"2025-12-10T10:11:15","modified_gmt":"2025-12-10T13:11:15","slug":"lara-chemes-pidio-ayuda-a-la-comunidad-para-esclarecer-el-millonario-robo-a-su-ferreteria","status":"publish","type":"post","link":"https:\/\/infovera.com.ar\/web\/2025\/12\/09\/lara-chemes-pidio-ayuda-a-la-comunidad-para-esclarecer-el-millonario-robo-a-su-ferreteria\/","title":{"rendered":"Lara Chemes pidi\u00f3 ayuda a la comunidad para esclarecer el millonario robo a su ferreter\u00eda"},"content":{"rendered":"<p><strong>Ferreter\u00eda Chemes en Vera sufri\u00f3 en la madrugada del s\u00e1bado un robo de alt\u00edsima planificaci\u00f3n, en el que delincuentes ingresaron por los techos, desactivaron alarmas y c\u00e1maras y cortaron la caja fuerte con amoladora, llev\u00e1ndose dinero en pesos, d\u00f3lares y objetos de gran valor afectivo.<\/strong><\/p>\n<p>Lara Chemes, quien estaba al frente del comercio junto a su hermano cont\u00f3, en di\u00e1logo exclusivo con <strong>InfoVera<\/strong>, el estremecedor momento en que lleg\u00f3 a su local: \u201cHoy a la ma\u00f1ana abr\u00ed y me encontr\u00e9 con todo\u2026 con el panorama\u201d, dijo.<\/p>\n<p>Una alarma desactivada y una escalera que delataba el ingreso. Lara asegur\u00f3 que la alarma hab\u00eda sido activada la noche anterior, pero cuando entr\u00f3 al negocio algo no funcionaba: \u201cEstoy segura que la puse. Tiene un ruidito y me acuerdo. Pero cuando entr\u00e9, la alarma no son\u00f3\u2026 me la inhibieron\u201d.<\/p>\n<p>Al ingresar, lo primero que vio fue una escalera dentro del local, en un lugar donde jam\u00e1s deber\u00eda haber estado: \u201cLe digo a uno de los empleados: \u2018\u00bfQui\u00e9n dej\u00f3 esta escalera ac\u00e1?\u2019 Yo no la dej\u00e9\u201d, record\u00f3.<\/p>\n<blockquote><p><strong><span style=\"font-size: 14px; color: #ff6600;\">&#8220;Quiero que si alguien vio algo y no se anima a denunciar a la polic\u00eda, que nos diga a nosotros. Que venga al negocio, que nos llame, todo el mundo tiene mi n\u00famero, o sea\u2026 Se va a guardar la identidad, pero que nos ayuden, porque la idea es vivir de vuelta en el Vera que todos queremos y que era el Vera tranquilo, que viv\u00edamos con la puerta abierta, los autos sin llave, con la llave puesta&#8221;. Lara Chemes, tras el robo de d\u00f3lares, pesos y alhajas<\/span><\/strong><\/p><\/blockquote>\n<p>Luego camin\u00f3 hacia la oficina y encontr\u00f3 el coraz\u00f3n del hecho: \u201cLo primero que hice fue entrar a la oficina de mi pap\u00e1 y veo la caja fuerte abierta, de par en par, y olor a amoladora\u2026 es un olor muy caracter\u00edstico\u201d.<\/p>\n<p><strong>Ingreso por el techo\u00a0<\/strong><\/p>\n<p>Los ladrones actuaron con un nivel de precisi\u00f3n notable. Entraron por el techo del estudio jur\u00eddico lindero y cortaron chapas para acceder al interior. \u201cMe desactivaron las c\u00e1maras. Entraron por el techo del estudio jur\u00eddico, cortaron la chapa. Sacaron un vidrio fijo y se bajaron por ah\u00ed\u201d, describi\u00f3.<\/p>\n<p>Lara cree que la escalera fue usada para la retirada: \u201cPara m\u00ed despu\u00e9s pusieron la escalera para irse\u201d.<\/p>\n<p><strong>Un golpe planificado<\/strong><\/p>\n<p><strong>El bot\u00edn fue devastador: millones de pesos, miles de d\u00f3lares, billetes menores y objetos familiares hist\u00f3ricos.<\/strong> \u201cSe llevaron todo. Hasta los billetes de 100 pesos de la caja registradora diaria\u201d, dijo. \u201cLiteralmente empiezo de cero\u201d, expres\u00f3 con angustia.<\/p>\n<p>Entre los objetos robados mencion\u00f3 un reloj de bolsillo de oro de su bisabuelo y un cuentaganado de plata, piezas antiguas de gran valor sentimental y econ\u00f3mico.<\/p>\n<p><strong>Un silencio que sorprende<\/strong><\/p>\n<p>Uno de los elementos m\u00e1s llamativos del caso es el silencio absoluto: \u201cMe llama la atenci\u00f3n porque eso hace un ruido tremendo\u2026 y nadie escuch\u00f3 nada. Los vecinos no oyeron nada. Los perros no ladraron\u201d.<\/p>\n<p>Adem\u00e1s, revel\u00f3 un dato clave: \u201cNosotros todos los d\u00edas bajamos la llave general de luz para evitar cortos\u2026 y ellos sab\u00edan d\u00f3nde estaba. La levantaron para usar la amoladora\u201d.<\/p>\n<p><strong>Modalidad repetida<\/strong><\/p>\n<p>Chemes record\u00f3 otro robo reciente en un comercio cercano: \u201cEs la misma modalidad. En Educom hicieron lo mismo: entraron con guantes, desactivaron todo\u2026 para m\u00ed deben ser los mismos\u201d.<\/p>\n<p>Lara afirm\u00f3 que la polic\u00eda trabaj\u00f3 bien y r\u00e1pido, y que la Polic\u00eda de Investigaciones levant\u00f3 huellas: \u201cEstuve todo el momento con ellos. Levantaron huellas y van a analizarlas\u201d.<\/p>\n<p><strong>Un pedido urgente a la comunidad: \u201cSi alguien vio algo, que nos avise\u201d.<\/strong> La empresaria apel\u00f3 a la solidaridad de la gente.\u00a0 A la hora del hecho hab\u00eda mucho movimiento por un partido de b\u00e1squet que jugaba el C\u00edrculo en su estadio y actividad en la zona.<\/p>\n<p>\u201cSi alguien vio algo raro -un auto, un movimiento, una persona- que nos avise. Si no quieren hablar con la polic\u00eda, que me avisen a m\u00ed o a mi familia. Se va a mantener el anonimato\u201d.<\/p>\n<p>El robo dej\u00f3 secuelas profundas: \u201cHoy fui tres veces al negocio a ver si la alarma anda. Te agarra una psicosis\u201d, confes\u00f3. Y agreg\u00f3: \u201cDesconfi\u00e1s hasta de tu propia sombra\u2026 ahora pongo la alarma hasta para salir a buscar hielo\u201d.<\/p>\n<p><strong>\u201cLo \u00fanico que quiero es que se descubra, para que podamos vivir todos tranquilos.<\/strong> Hoy todos los comerciantes me llamaron\u2026 es muy raro todo, es la misma manzana\u201d, concluy\u00f3, con un mensaje que refleja la preocupaci\u00f3n de todo el comercio verense.<\/p>\n","protected":false},"excerpt":{"rendered":"<p>Ferreter\u00eda Chemes en Vera sufri\u00f3 en la madrugada del s\u00e1bado un robo de alt\u00edsima planificaci\u00f3n, en el que delincuentes ingresaron por los techos, desactivaron alarmas y c\u00e1maras y cortaron la caja fuerte con amoladora, llev\u00e1ndose dinero en pesos, d\u00f3lares y objetos de gran valor afectivo. Lara Chemes, quien estaba al frente del comercio junto a [&hellip;]<\/p>\n","protected":false},"author":3,"featured_media":68383,"comment_status":"closed","ping_status":"closed","sticky":false,"template":"","format":"standard","meta":{"_joinchat":[],"footnotes":""},"categories":[30,53],"tags":[],"class_list":{"0":"post-68382","1":"post","2":"type-post","3":"status-publish","4":"format-standard","5":"has-post-thumbnail","7":"category-policiales","8":"category-vera"},"_links":{"self":[{"href":"https:\/\/infovera.com.ar\/web\/wp-json\/wp\/v2\/posts\/68382","targetHints":{"allow":["GET"]}}],"collection":[{"href":"https:\/\/infovera.com.ar\/web\/wp-json\/wp\/v2\/posts"}],"about":[{"href":"https:\/\/infovera.com.ar\/web\/wp-json\/wp\/v2\/types\/post"}],"author":[{"embeddable":true,"href":"https:\/\/infovera.com.ar\/web\/wp-json\/wp\/v2\/users\/3"}],"replies":[{"embeddable":true,"href":"https:\/\/infovera.com.ar\/web\/wp-json\/wp\/v2\/comments?post=68382"}],"version-history":[{"count":0,"href":"https:\/\/infovera.com.ar\/web\/wp-json\/wp\/v2\/posts\/68382\/revisions"}],"wp:featuredmedia":[{"embeddable":true,"href":"https:\/\/infovera.com.ar\/web\/wp-json\/wp\/v2\/media\/68383"}],"wp:attachment":[{"href":"https:\/\/infovera.com.ar\/web\/wp-json\/wp\/v2\/media?parent=68382"}],"wp:term":[{"taxonomy":"category","embeddable":true,"href":"https:\/\/infovera.com.ar\/web\/wp-json\/wp\/v2\/categories?post=68382"},{"taxonomy":"post_tag","embeddable":true,"href":"https:\/\/infovera.com.ar\/web\/wp-json\/wp\/v2\/tags?post=68382"}],"curies":[{"name":"wp","href":"https:\/\/api.w.org\/{rel}","templated":true}]}}