{"id":68380,"date":"2025-12-08T18:41:15","date_gmt":"2025-12-08T21:41:15","guid":{"rendered":"https:\/\/infovera.com.ar\/web\/?p=68380"},"modified":"2025-12-08T18:41:15","modified_gmt":"2025-12-08T21:41:15","slug":"fortin-olmos-tras-un-rina-callejera-dos-hombres-fueron-derivados-al-hospital-de-reconquista","status":"publish","type":"post","link":"https:\/\/infovera.com.ar\/web\/2025\/12\/08\/fortin-olmos-tras-un-rina-callejera-dos-hombres-fueron-derivados-al-hospital-de-reconquista\/","title":{"rendered":"Fort\u00edn Olmos: tras un ri\u00f1a callejera, dos hombres fueron derivados al Hospital de Reconquista"},"content":{"rendered":"<p><strong>En horas de la tarde del domingo 07\/12\/2025, personal policial de la Comisaria 3era; de Fort\u00edn Olmos, intervino en un hecho de lesiones mutuas en ri\u00f1a ocurrido en inmediaciones de calle Corrientes intersecci\u00f3n calle G\u00fcemes,<\/strong> por causas que se tratan de establecer, dos hombres mayores de edad, resultaron lesionados ambos fueron trasladados al hospital local para su atenci\u00f3n medica. Posteriormente uno de los involucrados fue derivado al Hospital de la ciudad de Reconquista. Funcionarios policiales intervinientes procedieron al secuestro preventivo de elementos que interesan la investigaci\u00f3n.<\/p>\n<p><strong>Vera &#8211; Esclarecimiento de Hurto<\/strong><\/p>\n<p>Personal policial de la Comisaria 1era; en fecha 06\/12\/2025 a ra\u00edz de la denuncia de la sustracci\u00f3n de un tel\u00e9fono celular propiedad de una mujer, mayor de edad (18) a\u00f1os de edad; establecen que no ser\u00eda ajeno al il\u00edcito un joven (conocido de la v\u00edctima). Procedi\u00e9ndose al secuestro preventivo del dispositivo (celular Samsung Galaxi A06) Se prosiguen diligencias.<\/p>\n<p><strong>Fort\u00edn Olmos \u2013 Accidente de Tr\u00e1nsito<\/strong><\/p>\n<p>En fecha 07\/12\/2025 y siendo las 07,25 horas personal policial de la Comisaria 3era de Fort\u00edn Olmos se comisionan en Avenida Hip\u00f3lito Yrigoyen y Ruta Provincial N\u00b0 83 S por causas que se tratan de establecer, colisionaron dos motocicletas, siendo una Honda Twister 250 cc, color rojo y negro, en la que se desplazaban dos j\u00f3venes de 20 a\u00f1os y una motocicleta Honda CG Titan 150 cc, color blanco y negro, conducida por un joven de<br \/>\n21 a\u00f1os, las tres personas involucradas en el siniestro vial recibieron atenci\u00f3n m\u00e9dica, siendo trasladado posteriormente uno de los j\u00f3venes a un centro de salud de la ciudad de<br \/>\nAvellaneda (Dpto. General Obligado) para continuaci\u00f3n de su tratamiento. Se procedi\u00f3 al secuestro preventivo de los rodados intervinientes para la realizaci\u00f3n de peritajes de rigor.<\/p>\n","protected":false},"excerpt":{"rendered":"<p>En horas de la tarde del domingo 07\/12\/2025, personal policial de la Comisaria 3era; de Fort\u00edn Olmos, intervino en un hecho de lesiones mutuas en ri\u00f1a ocurrido en inmediaciones de calle Corrientes intersecci\u00f3n calle G\u00fcemes, por causas que se tratan de establecer, dos hombres mayores de edad, resultaron lesionados ambos fueron trasladados al hospital local [&hellip;]<\/p>\n","protected":false},"author":3,"featured_media":33073,"comment_status":"closed","ping_status":"closed","sticky":false,"template":"","format":"standard","meta":{"_joinchat":[],"footnotes":""},"categories":[51,30],"tags":[],"class_list":{"0":"post-68380","1":"post","2":"type-post","3":"status-publish","4":"format-standard","5":"has-post-thumbnail","7":"category-locales","8":"category-policiales"},"_links":{"self":[{"href":"https:\/\/infovera.com.ar\/web\/wp-json\/wp\/v2\/posts\/68380","targetHints":{"allow":["GET"]}}],"collection":[{"href":"https:\/\/infovera.com.ar\/web\/wp-json\/wp\/v2\/posts"}],"about":[{"href":"https:\/\/infovera.com.ar\/web\/wp-json\/wp\/v2\/types\/post"}],"author":[{"embeddable":true,"href":"https:\/\/infovera.com.ar\/web\/wp-json\/wp\/v2\/users\/3"}],"replies":[{"embeddable":true,"href":"https:\/\/infovera.com.ar\/web\/wp-json\/wp\/v2\/comments?post=68380"}],"version-history":[{"count":0,"href":"https:\/\/infovera.com.ar\/web\/wp-json\/wp\/v2\/posts\/68380\/revisions"}],"wp:featuredmedia":[{"embeddable":true,"href":"https:\/\/infovera.com.ar\/web\/wp-json\/wp\/v2\/media\/33073"}],"wp:attachment":[{"href":"https:\/\/infovera.com.ar\/web\/wp-json\/wp\/v2\/media?parent=68380"}],"wp:term":[{"taxonomy":"category","embeddable":true,"href":"https:\/\/infovera.com.ar\/web\/wp-json\/wp\/v2\/categories?post=68380"},{"taxonomy":"post_tag","embeddable":true,"href":"https:\/\/infovera.com.ar\/web\/wp-json\/wp\/v2\/tags?post=68380"}],"curies":[{"name":"wp","href":"https:\/\/api.w.org\/{rel}","templated":true}]}}