{"id":67737,"date":"2025-11-11T12:48:12","date_gmt":"2025-11-11T15:48:12","guid":{"rendered":"https:\/\/infovera.com.ar\/web\/?p=67737"},"modified":"2025-11-12T12:17:08","modified_gmt":"2025-11-12T15:17:08","slug":"cococcioni-anuncio-una-bateria-de-medidas-para-mitigar-la-violencia-intrafamiliar-en-la-provincia","status":"publish","type":"post","link":"https:\/\/infovera.com.ar\/web\/2025\/11\/11\/cococcioni-anuncio-una-bateria-de-medidas-para-mitigar-la-violencia-intrafamiliar-en-la-provincia\/","title":{"rendered":"Cococcioni anunci\u00f3 una bater\u00eda de medidas para mitigar la violencia intrafamiliar en la provincia"},"content":{"rendered":"<p><strong>El ministro admiti\u00f3 que la problem\u00e1tica de g\u00e9nero es una de las que requieren &#8220;pol\u00edticas m\u00e1s sofisticadas&#8221; para evitar desenlaces fatales. La pretensi\u00f3n es generar sistemas de alarma entre los diferentes estamentos del estado. Fuerte incidencia de los hechos en el centro-norte de la provincia.<\/strong><\/p>\n<p>El Ministerio de Seguridad prepara una bater\u00eda de medidas para intentar mitigar la violencia intrafamiliar y prevenir las muertes violentas que se generan en esos contextos. El titular de la cartera, Pablo Cococcioni, admiti\u00f3 en declaraciones a la prensa, que mientras se mantiene relativamente controlada la variable asociada a los homicidios dolosos, es necesario dise\u00f1ar &#8220;pol\u00edticas m\u00e1s sofisticadas&#8221; para evitar las muertes violentas que se generan por hechos vinculados a situaciones de g\u00e9nero.<\/p>\n<p>&#8220;Hay un hecho sobre el cual llamamos la atenci\u00f3n y frente al cual estamos encarando pol\u00edticas de otro tipo que a lo mejor no son tan visibles desde la seguridad p\u00fablica y desde el policiamiento preventivo. Me refiero a los hechos intrafamiliares y de g\u00e9nero que son un contingente cada vez mayor de las muertes violentas con una particular incidencia en el centro norte provincial, pero tambi\u00e9n en el resto de la provincia&#8221;, revel\u00f3.<\/p>\n<p>Sobre esa base, anticip\u00f3 que en los pr\u00f3ximos d\u00edas, desde su cartera se presentar\u00e1 &#8220;un informe pormenorizado&#8221; sobre estos hechos, y se anunciar\u00e1n medidas para enfrentar la problem\u00e1tica.<\/p>\n<p><strong>Analizar<\/strong><\/p>\n<p>El funcionario admiti\u00f3 que es necesario &#8220;estudiar&#8221; los hechos para determinar c\u00f3mo prevenirlos. &#8220;\u00c9stas son cuestiones que a lo mejor hay que estudiar c\u00f3mo prevenirlas. Uno va llegando a la conclusi\u00f3n de que hay medidas que eran obvias hace dos a\u00f1os\u2026 Uno se preguntaba por qu\u00e9 hab\u00eda tanta violencia y la respuesta era &#8216;porque hab\u00eda que restituir el polic\u00eda urbano, hab\u00eda que activar la persecuci\u00f3n penal, hab\u00eda que trabajar en equipo con la fiscal\u00eda, hab\u00eda que ordenar el sistema penitenciario\u2026&#8217;. Todas \u00e9sas son medidas muy b\u00e1sicas y que obviamente hab\u00eda que tomarlas. Pero ahora \u2013 advirti\u00f3-, estamos llegando al punto de que para seguir manteniendo o incluso mejorando estos niveles (de seguridad), hay que pensar en pol\u00edticas m\u00e1s puntualizadas y m\u00e1s sofisticadas&#8221;.<\/p>\n<p>En tal sentido, adelant\u00f3 que &#8220;habr\u00e1 una l\u00ednea de trabajo muy importante en el tema violencia intrafamiliar y de g\u00e9nero&#8221;. &#8220;En muy poco tiempo \u2013 plante\u00f3-, se empezar\u00e1 a implementar el sistema de las tobilleras duales y presentaremos otros lineamientos. Porque uno va llegando a un piso de muertes violentas que ya no se previenen con policiamiento en calle ni con investigaci\u00f3n criminal. La investigaci\u00f3n criminal tiene que estar, pero llega despu\u00e9s del hecho para evitar la reiteraci\u00f3n&#8221;.<\/p>\n<p><strong>Articulaci\u00f3n<\/strong><\/p>\n<p>En cambio, el ministro consider\u00f3 que la estrategia fundamental para prevenir este tipo de hechos pasa por una articulaci\u00f3n entre los propios organismos del estado que permitan generar un sistema de alarma.<\/p>\n<p>&#8220;Lo que hay que activar es un sistema de alarmas estatales entre todos los actores p\u00fablicos para tratar de que la violencia no escale hacia el resultado fatal. Este es el cap\u00edtulo m\u00e1s importante que nosotros relacionamos con un aumento (de las muertes violentas). En las otras formas de criminalidad, dir\u00eda que la tendencia es a la baja o al menos hacia una estabilidad, pero esta problem\u00e1tica de la violencia intrafamiliar y de g\u00e9nero en algunos casos es lo por ah\u00ed marca un contraste contra el a\u00f1o pasado&#8221;, admiti\u00f3.<\/p>\n<p>Independientemente de esa lectura, el ministro consider\u00f3 que &#8220;en cuanto a la seguridad p\u00fablica, el resultado no deja de ser satisfactorio dentro de los par\u00e1metros que ten\u00edamos&#8221;. Aun as\u00ed, asegur\u00f3 que &#8220;no nos vamos a quedar ah\u00ed; estamos afinando las herramientas para ir por aquellos hechos que no son alcanzados, quiz\u00e1, por las pol\u00edticas tradicionales de seguridad. Y vamos a entrar en una segunda etapa en la que vamos a trabajar puntualmente sobre todas esas categor\u00edas diferenciadas de homicidio&#8221;, concluy\u00f3.<\/p>\n<p><strong>Fuente: Ivana Fux &#8211; El Litoral<\/strong><\/p>\n","protected":false},"excerpt":{"rendered":"<p>El ministro admiti\u00f3 que la problem\u00e1tica de g\u00e9nero es una de las que requieren &#8220;pol\u00edticas m\u00e1s sofisticadas&#8221; para evitar desenlaces fatales. La pretensi\u00f3n es generar sistemas de alarma entre los diferentes estamentos del estado. Fuerte incidencia de los hechos en el centro-norte de la provincia. El Ministerio de Seguridad prepara una bater\u00eda de medidas para [&hellip;]<\/p>\n","protected":false},"author":3,"featured_media":50329,"comment_status":"closed","ping_status":"closed","sticky":false,"template":"","format":"standard","meta":{"_joinchat":[],"footnotes":""},"categories":[60],"tags":[],"class_list":{"0":"post-67737","1":"post","2":"type-post","3":"status-publish","4":"format-standard","5":"has-post-thumbnail","7":"category-provinciales"},"_links":{"self":[{"href":"https:\/\/infovera.com.ar\/web\/wp-json\/wp\/v2\/posts\/67737","targetHints":{"allow":["GET"]}}],"collection":[{"href":"https:\/\/infovera.com.ar\/web\/wp-json\/wp\/v2\/posts"}],"about":[{"href":"https:\/\/infovera.com.ar\/web\/wp-json\/wp\/v2\/types\/post"}],"author":[{"embeddable":true,"href":"https:\/\/infovera.com.ar\/web\/wp-json\/wp\/v2\/users\/3"}],"replies":[{"embeddable":true,"href":"https:\/\/infovera.com.ar\/web\/wp-json\/wp\/v2\/comments?post=67737"}],"version-history":[{"count":0,"href":"https:\/\/infovera.com.ar\/web\/wp-json\/wp\/v2\/posts\/67737\/revisions"}],"wp:featuredmedia":[{"embeddable":true,"href":"https:\/\/infovera.com.ar\/web\/wp-json\/wp\/v2\/media\/50329"}],"wp:attachment":[{"href":"https:\/\/infovera.com.ar\/web\/wp-json\/wp\/v2\/media?parent=67737"}],"wp:term":[{"taxonomy":"category","embeddable":true,"href":"https:\/\/infovera.com.ar\/web\/wp-json\/wp\/v2\/categories?post=67737"},{"taxonomy":"post_tag","embeddable":true,"href":"https:\/\/infovera.com.ar\/web\/wp-json\/wp\/v2\/tags?post=67737"}],"curies":[{"name":"wp","href":"https:\/\/api.w.org\/{rel}","templated":true}]}}